{"id":61328,"date":"2017-04-05T06:52:34","date_gmt":"2017-04-05T09:52:34","guid":{"rendered":"http:\/\/argentinamunicipal.com.ar\/argentina\/?p=61328"},"modified":"2017-04-05T06:52:34","modified_gmt":"2017-04-05T09:52:34","slug":"magario-espinoza-se-reunieron-la-cgt-apoyaron-paro-general-del-6-abril","status":"publish","type":"post","link":"http:\/\/argentinamunicipal.com.ar\/argentina\/magario-espinoza-se-reunieron-la-cgt-apoyaron-paro-general-del-6-abril\/","title":{"rendered":"Magario y Espinoza se reunieron con la CGT y apoyaron el paro general del 6 de abril"},"content":{"rendered":"<p>La intendenta de La Matanza, Ver\u00f3nica Magario, y el presidente del PJ provincia, Fernando Espinoza, se reunieron con el triunvirato de la CGT. En ese marco apoyaron la medida de fuerza nacional. \u00abVamos a acompa\u00f1ar\u00a0porque cada vez cierran m\u00e1s comercios, hay m\u00e1s despidos, m\u00e1s suspensiones y m\u00e1s familias que quedan por debajo de la l\u00ednea de la pobreza\u00bb, destac\u00f3 la jefa comunal matancera. Espinoza pidi\u00f3 que no sean tratados de \u00abdesestabilizadores\u00bb.<\/p>\n<p>La intendenta junto a Espinoza\u00a0participaron de un plenario de la CGT en Ramos Mej\u00eda en el cual expresaron su total apoyo al paro nacional del pr\u00f3ximo jueves. Los titulares del triunvirato de la CGT nacional, H\u00e9ctor Daer, Juan Carlos Schmid y Carlos Acu\u00f1a plantearon su postura frente a la grave situaci\u00f3n econ\u00f3mica y social que afronta el pa\u00eds, ante una amplia convocatoria de todos los sindicatos locales.<\/p>\n<p>Magario resalt\u00f3 que \u00abestos compa\u00f1eros defienden el trabajo argentino\u00bb\u00a0y agreg\u00f3 que van \u00aba acompa\u00f1ar la medida porque cada vez cierran m\u00e1s comercios, hay m\u00e1s despidos, m\u00e1s suspensiones y m\u00e1s familias que quedan por debajo de la l\u00ednea de la pobreza\u00bb.<\/p>\n<p>Mar\u00edo Ortiz, titular de la CGT Matanza,\u00a0dijo que\u00a0frente a la convocatoria al paro\u00a0\u00abno nos queda otro camino que seguir con esta lucha y enfrentar a un gobierno que nos est\u00e1 castigando en lo econ\u00f3mico. Esta CGT local va a acompa\u00f1ar siempre las decisiones que tomen nuestros compa\u00f1eros a nivel nacional\u00bb.<\/p>\n<p>Luego, en declaraciones a la prensa, Espinoza destac\u00f3:\u00a0\u00abNo podemos permitir que se nos quiera acusar de desestabilizadores. Este paro es en pos de pedirle al Gobierno que revea mucha de las medidas que est\u00e1 tomando que afectan salario y atentan contra los puestos de trabajo\u00bb.<\/p>\n<p>Seg\u00fan public\u00f3 Cronos, Daer subray\u00f3 que \u00abno queremos seguir en esta espiral decadente. Cada vez consumismos m\u00e1s productos importados y menos nacionales\u00bb, y convoc\u00f3 a todos los sectores a sumarse al paro diciendo: \u00abVan a querer venir por todo. Por los sindicatos, y sin sindicatos, el trabajo es m\u00e1s barato\u00bb.<\/p>\n<h6>Fuente: La Noticia 1.com<\/h6>\n","protected":false},"excerpt":{"rendered":"<p>La intendenta de La Matanza, Ver\u00f3nica Magario, y el presidente del PJ provincia, Fernando Espinoza, se reunieron con el triunvirato de la CGT.<\/p>\n","protected":false},"author":2,"featured_media":61329,"comment_status":"closed","ping_status":"closed","sticky":false,"template":"","format":"standard","meta":{"footnotes":""},"categories":[4],"tags":[12],"class_list":["post-61328","post","type-post","status-publish","format-standard","has-post-thumbnail","hentry","category-informe-politico","tag-buenos-aires"],"_links":{"self":[{"href":"http:\/\/argentinamunicipal.com.ar\/argentina\/wp-json\/wp\/v2\/posts\/61328","targetHints":{"allow":["GET"]}}],"collection":[{"href":"http:\/\/argentinamunicipal.com.ar\/argentina\/wp-json\/wp\/v2\/posts"}],"about":[{"href":"http:\/\/argentinamunicipal.com.ar\/argentina\/wp-json\/wp\/v2\/types\/post"}],"author":[{"embeddable":true,"href":"http:\/\/argentinamunicipal.com.ar\/argentina\/wp-json\/wp\/v2\/users\/2"}],"replies":[{"embeddable":true,"href":"http:\/\/argentinamunicipal.com.ar\/argentina\/wp-json\/wp\/v2\/comments?post=61328"}],"version-history":[{"count":0,"href":"http:\/\/argentinamunicipal.com.ar\/argentina\/wp-json\/wp\/v2\/posts\/61328\/revisions"}],"wp:featuredmedia":[{"embeddable":true,"href":"http:\/\/argentinamunicipal.com.ar\/argentina\/wp-json\/wp\/v2\/media\/61329"}],"wp:attachment":[{"href":"http:\/\/argentinamunicipal.com.ar\/argentina\/wp-json\/wp\/v2\/media?parent=61328"}],"wp:term":[{"taxonomy":"category","embeddable":true,"href":"http:\/\/argentinamunicipal.com.ar\/argentina\/wp-json\/wp\/v2\/categories?post=61328"},{"taxonomy":"post_tag","embeddable":true,"href":"http:\/\/argentinamunicipal.com.ar\/argentina\/wp-json\/wp\/v2\/tags?post=61328"}],"curies":[{"name":"wp","href":"https:\/\/api.w.org\/{rel}","templated":true}]}}