{"id":61334,"date":"2017-04-05T07:02:57","date_gmt":"2017-04-05T10:02:57","guid":{"rendered":"http:\/\/argentinamunicipal.com.ar\/argentina\/?p=61334"},"modified":"2017-04-05T07:02:57","modified_gmt":"2017-04-05T10:02:57","slug":"conflictividad-social-buenos-aires-hubo-mas-200-piquetes-primer-trimestre-del-ano","status":"publish","type":"post","link":"http:\/\/argentinamunicipal.com.ar\/argentina\/conflictividad-social-buenos-aires-hubo-mas-200-piquetes-primer-trimestre-del-ano\/","title":{"rendered":"Conflictividad social en Buenos Aires: Hubo m\u00e1s de 200 piquetes en el primer trimestre del a\u00f1o"},"content":{"rendered":"<p>Desde la consultora Diagn\u00f3stico Pol\u00edtico afirmaron que durante los primeros tres meses de 2017, el territorio gobernado por Mar\u00eda Eugenia Vidal concentr\u00f3 el 22,6% de cortes de calle y rutas del total del pa\u00eds.<\/p>\n<p>La conflictividad social se expande por todo el territorio argentino y se expresa en las calles de diferentes manera y a trav\u00e9s de distintos sectores, tanto gremiales como desde las organizaciones sociales. Los reclamos salariales van a la cabeza de las manifestaciones callejeras y m\u00e1s all\u00e1 de los reclamos provinciales, las exigencias van apuntadas hacia el gobierno de Mauricio Macri.<\/p>\n<p>En ese sentido, en la historia reciente de Argentina, los piquetes han cobrado notoriedad p\u00fablica y se ha convertido en una forma de reclamo que se repite casi a diario. La provincia de Buenos Aires no es ajena a esto y, seg\u00fan el relevamiento realizado por la consultora Diagn\u00f3stico Pol\u00edtico, en el primer trimestre del a\u00f1o y tuvo en sus calles 216 piquetes, el 22,6 por ciento del total del pa\u00eds.<\/p>\n<p>Asimismo, en marzo se registraron 127 en territorio bonaerense y 516 en Argentina, donde ya hubo 952 en el primer trimestre del a\u00f1o. Mientras que en la Ciudad, conducida por Horacio Rodr\u00edguez Larreta, se concretaron 143.<\/p>\n<p>De acuerdo a los datos, enero concluy\u00f3 con 41 cortes, mientras que en febrero \u00a0se dieron 48, y de este modo el tercer mes del a\u00f1o en la provincia de Buenos Aires fue el m\u00e1s conflictivo.<\/p>\n<p>\u00bfQui\u00e9nes realizaron piquetes?<\/p>\n<p>En todo el pa\u00eds el ranking de los que m\u00e1s realizaron cortes de calles y rutas se es el siguiente:<\/p>\n<p>Trabajadores estatales con 144<br \/>\nOrganizaciones piqueteras con 115<br \/>\nVecinos autoconvocados \u00a0con 70<br \/>\nDesocupados y cesanteados con 59<br \/>\nFuerzas pol\u00edtico-partidarias con 56<br \/>\nTrabajadores privados 46<br \/>\nEn lo que respecta a la provincia de Buenos Aires, desde 2009 hasta la actualidad el n\u00famero registrado de piquetes es de 6334. Y si bien 2011, el a\u00f1o de la reelecci\u00f3n de Daniel Scioli en la gobernaci\u00f3n fue uno de los m\u00e1s bajos de conflictividad con 315 piquetes, en 2012 se triplic\u00f3 y lleg\u00f3 a 1045 cortes. En tanto, el a\u00f1o pasado, el primero de Vidal en el poder el n\u00famero de bloqueos se ubic\u00f3 en 1190.<\/p>\n<h6>Fuente: InFoCielo<\/h6>\n","protected":false},"excerpt":{"rendered":"<p>Desde la consultora Diagn\u00f3stico Pol\u00edtico afirmaron que durante los primeros tres meses de 2017, el territorio gobernado por Mar\u00eda Eugenia Vidal concentr\u00f3 el 22,6% de cortes de calle y rutas del total del pa\u00eds.<\/p>\n","protected":false},"author":2,"featured_media":61335,"comment_status":"closed","ping_status":"closed","sticky":false,"template":"","format":"standard","meta":{"footnotes":""},"categories":[65],"tags":[12],"class_list":["post-61334","post","type-post","status-publish","format-standard","has-post-thumbnail","hentry","category-provincias","tag-buenos-aires"],"_links":{"self":[{"href":"http:\/\/argentinamunicipal.com.ar\/argentina\/wp-json\/wp\/v2\/posts\/61334","targetHints":{"allow":["GET"]}}],"collection":[{"href":"http:\/\/argentinamunicipal.com.ar\/argentina\/wp-json\/wp\/v2\/posts"}],"about":[{"href":"http:\/\/argentinamunicipal.com.ar\/argentina\/wp-json\/wp\/v2\/types\/post"}],"author":[{"embeddable":true,"href":"http:\/\/argentinamunicipal.com.ar\/argentina\/wp-json\/wp\/v2\/users\/2"}],"replies":[{"embeddable":true,"href":"http:\/\/argentinamunicipal.com.ar\/argentina\/wp-json\/wp\/v2\/comments?post=61334"}],"version-history":[{"count":0,"href":"http:\/\/argentinamunicipal.com.ar\/argentina\/wp-json\/wp\/v2\/posts\/61334\/revisions"}],"wp:featuredmedia":[{"embeddable":true,"href":"http:\/\/argentinamunicipal.com.ar\/argentina\/wp-json\/wp\/v2\/media\/61335"}],"wp:attachment":[{"href":"http:\/\/argentinamunicipal.com.ar\/argentina\/wp-json\/wp\/v2\/media?parent=61334"}],"wp:term":[{"taxonomy":"category","embeddable":true,"href":"http:\/\/argentinamunicipal.com.ar\/argentina\/wp-json\/wp\/v2\/categories?post=61334"},{"taxonomy":"post_tag","embeddable":true,"href":"http:\/\/argentinamunicipal.com.ar\/argentina\/wp-json\/wp\/v2\/tags?post=61334"}],"curies":[{"name":"wp","href":"https:\/\/api.w.org\/{rel}","templated":true}]}}