{"id":61337,"date":"2017-04-05T07:06:55","date_gmt":"2017-04-05T10:06:55","guid":{"rendered":"http:\/\/argentinamunicipal.com.ar\/argentina\/?p=61337"},"modified":"2017-04-05T07:06:55","modified_gmt":"2017-04-05T10:06:55","slug":"cierre-total-gracias-al-cambio-mensaje-despedida-comercio-persianas","status":"publish","type":"post","link":"http:\/\/argentinamunicipal.com.ar\/argentina\/cierre-total-gracias-al-cambio-mensaje-despedida-comercio-persianas\/","title":{"rendered":"\u201cCierre total gracias al Cambio\u201d, el mensaje de despedida de otro comercio que baj\u00f3 sus persianas"},"content":{"rendered":"<p>El rubro indumentaria fue uno de los m\u00e1s golpeados luego del aumento en las tarifas de servicios, los altos costos de los alquileres y la presi\u00f3n impositiva. En Mar del Plata, un local cerr\u00f3 y reflej\u00f3 el malestar en sus vidrieras.<\/p>\n<p>Los locales comerciales del rubro indumentaria fueron unos de los m\u00e1s golpeados por la situaci\u00f3n econ\u00f3mica del pa\u00eds. Los precios de los alquileres y el aumento en las tarifas, sumado a una clientela en descenso por cambios en los h\u00e1bitos de consumo, hicieron que varios negocios cerraran sus puertas.<\/p>\n<p>Uno de los casos que ilustra la situaci\u00f3n a la perfecci\u00f3n es el de Mir\u00e1 Mar\u00eda, ubicado en Misiones y Libertad, en la ciudad de Mar del Plata. \u201cCierre total gracias al Cambio\u201d, escribieron sus due\u00f1os en la vidriera. \u201cSeguimos cambiando\u201d, agregaron.<\/p>\n<h6>Fuente: InfoCielo<\/h6>\n","protected":false},"excerpt":{"rendered":"<p>El rubro indumentaria fue uno de los m\u00e1s golpeados luego del aumento en las tarifas de servicios, los altos costos de los alquileres y la presi\u00f3n impositiva. En Mar del Plata, un local cerr\u00f3 y reflej\u00f3 el malestar en sus vidrieras. <\/p>\n","protected":false},"author":2,"featured_media":61338,"comment_status":"closed","ping_status":"closed","sticky":false,"template":"","format":"standard","meta":{"footnotes":""},"categories":[2],"tags":[12],"class_list":["post-61337","post","type-post","status-publish","format-standard","has-post-thumbnail","hentry","category-informe-municipal","tag-buenos-aires"],"_links":{"self":[{"href":"http:\/\/argentinamunicipal.com.ar\/argentina\/wp-json\/wp\/v2\/posts\/61337","targetHints":{"allow":["GET"]}}],"collection":[{"href":"http:\/\/argentinamunicipal.com.ar\/argentina\/wp-json\/wp\/v2\/posts"}],"about":[{"href":"http:\/\/argentinamunicipal.com.ar\/argentina\/wp-json\/wp\/v2\/types\/post"}],"author":[{"embeddable":true,"href":"http:\/\/argentinamunicipal.com.ar\/argentina\/wp-json\/wp\/v2\/users\/2"}],"replies":[{"embeddable":true,"href":"http:\/\/argentinamunicipal.com.ar\/argentina\/wp-json\/wp\/v2\/comments?post=61337"}],"version-history":[{"count":0,"href":"http:\/\/argentinamunicipal.com.ar\/argentina\/wp-json\/wp\/v2\/posts\/61337\/revisions"}],"wp:featuredmedia":[{"embeddable":true,"href":"http:\/\/argentinamunicipal.com.ar\/argentina\/wp-json\/wp\/v2\/media\/61338"}],"wp:attachment":[{"href":"http:\/\/argentinamunicipal.com.ar\/argentina\/wp-json\/wp\/v2\/media?parent=61337"}],"wp:term":[{"taxonomy":"category","embeddable":true,"href":"http:\/\/argentinamunicipal.com.ar\/argentina\/wp-json\/wp\/v2\/categories?post=61337"},{"taxonomy":"post_tag","embeddable":true,"href":"http:\/\/argentinamunicipal.com.ar\/argentina\/wp-json\/wp\/v2\/tags?post=61337"}],"curies":[{"name":"wp","href":"https:\/\/api.w.org\/{rel}","templated":true}]}}