{"id":61340,"date":"2017-04-05T07:10:19","date_gmt":"2017-04-05T10:10:19","guid":{"rendered":"http:\/\/argentinamunicipal.com.ar\/argentina\/?p=61340"},"modified":"2017-04-05T07:10:19","modified_gmt":"2017-04-05T10:10:19","slug":"menem-gobierno-inicia-proceso-recorte-cargas-patronales","status":"publish","type":"post","link":"http:\/\/argentinamunicipal.com.ar\/argentina\/menem-gobierno-inicia-proceso-recorte-cargas-patronales\/","title":{"rendered":"Como hizo Menem: el Gobierno inicia un proceso de recorte de cargas patronales"},"content":{"rendered":"<p>La medida fue anunciada por el ministro de Producci\u00f3n y los sectores \u00a0que primero recibir\u00e1n el beneficio es el de los textiles y el calzado.<\/p>\n<p>El Gobierno nacional anunci\u00f3 que enviar\u00e1 al Congreso un proyecto de ley para recortar las cargas patronales en los rubros textiles y del calzado. Seg\u00fan el discurso oficial, se trata de una medida para \u00abayudar a reducir la informalidad\u201d, seg\u00fan el cuestionado ministro de Producci\u00f3n, Francisco Cabrera.<\/p>\n<p>La medide se lanza en el marco de que los sectores textiles y del calzado trabajan un 25 por ciento por abajo de lo logrado en 2015 y perdieron 20 mil empleos.<\/p>\n<p>Seg\u00fan los datos oficiales, de los 400 mil trabajadores que tiene el sector textil, 150 mil se encuentran en negro. En el rubro de la confecci\u00f3n, la informalidad llega al 70 %<\/p>\n<p>La medida tambi\u00e9n incluye la promoci\u00f3n del consumo a trav\u00e9s de los\u00a0planes de cuotas sin inter\u00e9s, la entrega de \u201cRepro Express\u201d para empresas en crisis y el\u00a0aumento de los reintegros a las exportaciones.<\/p>\n<p>De los 400 mil trabajadores que tiene el sector textil, 150 mil se encuentran en negro<\/p>\n<p>Sin embargo, sobre el proyecto oficial especialistas advierten que la rebaja de impuestos hasta ahora no ayud\u00f3 en nada para dar impulso al empleo.<\/p>\n<p>Seg\u00fan publica este mi\u00e9rcoles el diario P\u00e1gina 12, el mecanismo elegido por la Casa Rosada ser\u00eda la generaci\u00f3n de un cr\u00e9dito fiscal aplicable a impuestos nacionales como el IVA y Ganancias correspondiente a la porci\u00f3n de la contribuci\u00f3n patronal proporcional al salario m\u00ednimo vital y m\u00f3vil. Ergo, de un sueldo que duplica al salario m\u00ednimo (8060 pesos) la reducci\u00f3n impositiva para el empresariado ser\u00eda del 50 por ciento de las cargas patronales.<\/p>\n<p>Entre 1994 y 1999, durante el gobierno de Carlos Menem, se redujeron en un 50% los aportes patronales pero el desempleo aument\u00f3 gracias a la\u00a0apreciaci\u00f3n cambiaria y apertura de importaciones. La medida adem\u00e1s tiene impacto negativo sobre las cuentas del fisco. Constituye una transferencia de ingresos favorable en principio al sector empresario.<\/p>\n<h6>Fuente: InfoNews<\/h6>\n","protected":false},"excerpt":{"rendered":"<p>La medida fue anunciada por el ministro de Producci\u00f3n y los sectores  que primero recibir\u00e1n el beneficio es el de los textiles y el calzado.<\/p>\n","protected":false},"author":2,"featured_media":61341,"comment_status":"closed","ping_status":"closed","sticky":false,"template":"","format":"standard","meta":{"footnotes":""},"categories":[8],"tags":[21],"class_list":["post-61340","post","type-post","status-publish","format-standard","has-post-thumbnail","hentry","category-informe-nacional","tag-argentina"],"_links":{"self":[{"href":"http:\/\/argentinamunicipal.com.ar\/argentina\/wp-json\/wp\/v2\/posts\/61340","targetHints":{"allow":["GET"]}}],"collection":[{"href":"http:\/\/argentinamunicipal.com.ar\/argentina\/wp-json\/wp\/v2\/posts"}],"about":[{"href":"http:\/\/argentinamunicipal.com.ar\/argentina\/wp-json\/wp\/v2\/types\/post"}],"author":[{"embeddable":true,"href":"http:\/\/argentinamunicipal.com.ar\/argentina\/wp-json\/wp\/v2\/users\/2"}],"replies":[{"embeddable":true,"href":"http:\/\/argentinamunicipal.com.ar\/argentina\/wp-json\/wp\/v2\/comments?post=61340"}],"version-history":[{"count":0,"href":"http:\/\/argentinamunicipal.com.ar\/argentina\/wp-json\/wp\/v2\/posts\/61340\/revisions"}],"wp:featuredmedia":[{"embeddable":true,"href":"http:\/\/argentinamunicipal.com.ar\/argentina\/wp-json\/wp\/v2\/media\/61341"}],"wp:attachment":[{"href":"http:\/\/argentinamunicipal.com.ar\/argentina\/wp-json\/wp\/v2\/media?parent=61340"}],"wp:term":[{"taxonomy":"category","embeddable":true,"href":"http:\/\/argentinamunicipal.com.ar\/argentina\/wp-json\/wp\/v2\/categories?post=61340"},{"taxonomy":"post_tag","embeddable":true,"href":"http:\/\/argentinamunicipal.com.ar\/argentina\/wp-json\/wp\/v2\/tags?post=61340"}],"curies":[{"name":"wp","href":"https:\/\/api.w.org\/{rel}","templated":true}]}}