{"id":61343,"date":"2017-04-05T07:12:51","date_gmt":"2017-04-05T10:12:51","guid":{"rendered":"http:\/\/argentinamunicipal.com.ar\/argentina\/?p=61343"},"modified":"2017-04-05T07:12:51","modified_gmt":"2017-04-05T10:12:51","slug":"denuncian-hubo-2-mil-despidos-comercio-rio-cuarto-ano-medio","status":"publish","type":"post","link":"http:\/\/argentinamunicipal.com.ar\/argentina\/denuncian-hubo-2-mil-despidos-comercio-rio-cuarto-ano-medio\/","title":{"rendered":"Denuncian que hubo 2 mil despidos en el comercio de R\u00edo Cuarto en un a\u00f1o y medio"},"content":{"rendered":"<p>El secretario general de Agec, Jos\u00e9 Luis Oberto, asegur\u00f3 que 900 empleados formales perdieron su puesto laboral, al igual que otros 1.100 mercantiles que cumpl\u00edan tareas pero en negro<\/p>\n<p>Aunque desde hace tiempo el gremio viene denunciando la existencia de despidos por goteo, ayer el secretario de Agec sorprendi\u00f3 al asegurar que, en el t\u00e9rmino de un a\u00f1o y medio, el comercio riocuartense despidi\u00f3 a 2 mil trabajadores, contando aquellos que ten\u00edan una relaci\u00f3n de dependencia formal como los que estaban \u201cen negro\u201d.<\/p>\n<p>Oberto asegur\u00f3 que el recorte de personal no ha parado desde fines de 2015 hasta ahora, bajo la modalidad de un \u201cgoteo constante\u201d tanto en las empresas grandes como en las m\u00e1s chicas.<\/p>\n<p>\u201cEsto hace que haya bajado much\u00edsimo la planta de personal\u201d, admiti\u00f3 el gremialista.<\/p>\n<p>\u201cEn el gremio lo percibimos a trav\u00e9s de una merma en la cantidad de trabajadores afiliados del sector comercio y servicios, un 15 por ciento menos que antes. En el sector comercio y en blanco, son 900 trabajadores menos. Si nosotros multiplicamos el porcentaje al mercado informal, quiere decir que puede haber unos 2 mil empleados mercantiles que perdieron su trabajo en el \u00faltimo a\u00f1o y medio\u201d.<\/p>\n<p>Adem\u00e1s, Oberto sostuvo que muchos otros que no perdieron su puesto, comenzaron a sufrir la precarizaci\u00f3n laboral y los recortes salariales. En este sentido, asegur\u00f3 que ha bajado fuertemente la formalidad del trabajo, por efecto de la crisis.<\/p>\n<p>\u201cNosotros lo vemos en nuestra obra social, en la que tenemos muchos monotributistas que dejaron de pagar, porque no les da la situaci\u00f3n econ\u00f3mica. Muchos de ellos est\u00e1n actualmente con un empleo en negro\u201d, se\u00f1al\u00f3 el dirigente sindical.<\/p>\n<p>En otro plano, sostuvo que en la actualidad hay pocas actividades econ\u00f3micas que est\u00e1n en buena forma.<\/p>\n<p>\u201cEn nuestra regi\u00f3n, podr\u00eda ser el caso del campo, pero lo cierto es que ese dinero llega a los bolsillos de muy poca gente. El resto la ve pasar. Hay que tener en cuenta que los trabajadores que se caen no consumen m\u00e1s, y alimentan una rueda que perjudica a todos\u201d, explic\u00f3.<\/p>\n<p>\u201cD\u00edas atr\u00e1s hablaba con Fabio Oviedo, del Sindicato de la Carne, y la verdad es que a ellos la cantidad de afiliados que se les cay\u00f3 es todav\u00eda mayor. Esto indica que este 15 por ciento que perdimos, por medio de un goteo permanente, puede ser tr\u00e1gico de ac\u00e1 a unos meses\u201d, apunt\u00f3 el secretario de Agec R\u00edo Cuarto.<\/p>\n<p>En otro orden de cosas, Oberto confirm\u00f3 que la semana pasada se produjeron varios despidos en Tarjeta Naranja. Para el sindicalista, fue\u00a0 \u201cporque al Gobierno se le ocurri\u00f3 bajar las cuotas para compras con tarjeta\u201d.<\/p>\n<p>\u201cEs una locura. Son 8 empleados que quedaron sin trabajo, y la empresa manifiesta que bajaron estrepitosamente las ventas en estos meses\u201d, detall\u00f3 el titular de Agec.<\/p>\n<p>Gagna: sigue la venta<\/p>\n<p>El juez Guadagna habilit\u00f3 una nueva instancia de venta minorista de productos de la ex-Gagna. Ser\u00e1 desde las 8.30 y hasta las 20.30 de hoy y ma\u00f1ana, en Mar\u00eda Olgu\u00edn 858. Se fij\u00f3 una compra m\u00ednima por un monto de 500 pesos, pero eso no hay obligaci\u00f3n de comprar mercader\u00eda por bultos. Hay art\u00edculos de librer\u00eda, bazar y papeler\u00eda.<\/p>\n<h6>Fuente: Puntal<\/h6>\n","protected":false},"excerpt":{"rendered":"<p>El secretario general de Agec, Jos\u00e9 Luis Oberto, asegur\u00f3 que 900 empleados formales perdieron su puesto laboral, al igual que otros 1.100 mercantiles que cumpl\u00edan tareas pero en negro<\/p>\n","protected":false},"author":2,"featured_media":61344,"comment_status":"closed","ping_status":"closed","sticky":false,"template":"","format":"standard","meta":{"footnotes":""},"categories":[5],"tags":[3],"class_list":["post-61343","post","type-post","status-publish","format-standard","has-post-thumbnail","hentry","category-informe-economico","tag-cordoba"],"_links":{"self":[{"href":"http:\/\/argentinamunicipal.com.ar\/argentina\/wp-json\/wp\/v2\/posts\/61343","targetHints":{"allow":["GET"]}}],"collection":[{"href":"http:\/\/argentinamunicipal.com.ar\/argentina\/wp-json\/wp\/v2\/posts"}],"about":[{"href":"http:\/\/argentinamunicipal.com.ar\/argentina\/wp-json\/wp\/v2\/types\/post"}],"author":[{"embeddable":true,"href":"http:\/\/argentinamunicipal.com.ar\/argentina\/wp-json\/wp\/v2\/users\/2"}],"replies":[{"embeddable":true,"href":"http:\/\/argentinamunicipal.com.ar\/argentina\/wp-json\/wp\/v2\/comments?post=61343"}],"version-history":[{"count":0,"href":"http:\/\/argentinamunicipal.com.ar\/argentina\/wp-json\/wp\/v2\/posts\/61343\/revisions"}],"wp:featuredmedia":[{"embeddable":true,"href":"http:\/\/argentinamunicipal.com.ar\/argentina\/wp-json\/wp\/v2\/media\/61344"}],"wp:attachment":[{"href":"http:\/\/argentinamunicipal.com.ar\/argentina\/wp-json\/wp\/v2\/media?parent=61343"}],"wp:term":[{"taxonomy":"category","embeddable":true,"href":"http:\/\/argentinamunicipal.com.ar\/argentina\/wp-json\/wp\/v2\/categories?post=61343"},{"taxonomy":"post_tag","embeddable":true,"href":"http:\/\/argentinamunicipal.com.ar\/argentina\/wp-json\/wp\/v2\/tags?post=61343"}],"curies":[{"name":"wp","href":"https:\/\/api.w.org\/{rel}","templated":true}]}}