{"id":61346,"date":"2017-04-05T06:15:14","date_gmt":"2017-04-05T09:15:14","guid":{"rendered":"http:\/\/argentinamunicipal.com.ar\/argentina\/?p=61346"},"modified":"2017-04-05T07:17:47","modified_gmt":"2017-04-05T10:17:47","slug":"sancor-moldes-temen-una-quita-salarial-del-25","status":"publish","type":"post","link":"http:\/\/argentinamunicipal.com.ar\/argentina\/sancor-moldes-temen-una-quita-salarial-del-25\/","title":{"rendered":"En Sancor Moldes temen una quita salarial del 25%"},"content":{"rendered":"<p>Desde Atilra vaticinan que la empresa suspender\u00e1 al personal por al menos 2 o 3 meses. Los empleados mantienen una guardia para evitar el vaciamiento<\/p>\n<p>A poco de cumplirse el plazo por el cual se otorg\u00f3 licencia por vacaciones al personal de la planta Sancor Coronel Moldes, los trabajadores fueron advertidos de una posible nueva medida.<\/p>\n<p>Desde el gremio Atilra anticiparon la inminente disposici\u00f3n del directorio de pasar al personal a \u201cjornada libre\u201d, lo que para el sindicato es una suerte de suspensi\u00f3n que implica una quita salarial del 25 por ciento y que los empleados no deban concurrir a sus puestos de trabajo.<\/p>\n<p>As\u00ed lo explic\u00f3 a PUNTAL el delegado gremial de Atilra en Coronel Moldes, Daniel Brarda, quien manifest\u00f3 que tal versi\u00f3n fue informada desde el sindicato pero que a\u00fan no hay nada oficializado.<\/p>\n<p>\u201cSabemos que para Sancor Moldes vendr\u00eda una suspensi\u00f3n con quita de sueldos del 25 por ciento. Ellos le llaman \u2018jornada libre\u2019, pero para nosotros es una medida de suspensi\u00f3n que podr\u00eda mantenerse durante al menos dos o tres meses\u201d, se\u00f1al\u00f3 Brarda.<\/p>\n<p>Y agreg\u00f3: \u201cEstuvimos de vacaciones por un mes, en el que no pod\u00edamos ir a la planta, y ahora con esta medida tampoco podemos ir\u201d.<\/p>\n<p>El delegado gremial coment\u00f3 adem\u00e1s que estaba prevista para hoy la visita de representantes de Recursos Humanos de la empresa, pero que por una decena de despidos en la capital provincial se ver\u00e1 postergado ese encuentro.<\/p>\n<p>\u201cNo podemos estar con esta incertidumbre. Por lo menos que vengan y te confirmen la realidad, y as\u00ed vamos a estar m\u00e1s tranquilos que con la situaci\u00f3n que estamos viviendo ahora\u201d, asever\u00f3 Brarda.<\/p>\n<p><strong>Nadie entra, nadie sale<\/strong><\/p>\n<p>El plazo de reestructuraci\u00f3n despierta la incertidumbre de los trabajadores y, ante ello, los empleados toman sus recaudos para evitar mayores sorpresas.<\/p>\n<p>Pese a que en la planta Sancor de Coronel Moldes no hay ingreso de personal, tampoco permiten que nadie saque la producci\u00f3n que all\u00ed se almacena, por lo que el personal se organiza en turnos para mantener una guardia y evitar que la f\u00e1brica sea vaciada de un d\u00eda para el otro.<\/p>\n<p>\u201cEst\u00e1n los dep\u00f3sitos llenos de queso, pero nadie va a tocar nada hasta que nosotros veamos qu\u00e9 soluciones hay. En caso de que alguien quiera llevarse los quesos, no los va a poder sacar. Nosotros tenemos un trabajador por turno, y dos en horas de la noche para garantizar que nadie se va a llevar nada\u201d, dijo Brarda, en referencia a las casi 200 toneladas de queso que a\u00fan hay en stock.<\/p>\n<p>Mientras tanto, desde ayer se vio paralizada la planta por completo debido a que ya no recibe m\u00e1s los 11 mil litros de leche que antes llegaban a diario, y esa materia prima es enviada directamente a las plantas de La Carlota y Chivilcoy.<\/p>\n<h6>Fuente: Puntal<\/h6>\n","protected":false},"excerpt":{"rendered":"<p>Desde Atilra vaticinan que la empresa suspender\u00e1 al personal por al menos 2 o 3 meses. Los empleados mantienen una guardia para evitar el vaciamiento<\/p>\n","protected":false},"author":2,"featured_media":61347,"comment_status":"closed","ping_status":"closed","sticky":false,"template":"","format":"standard","meta":{"footnotes":""},"categories":[5],"tags":[3],"class_list":["post-61346","post","type-post","status-publish","format-standard","has-post-thumbnail","hentry","category-informe-economico","tag-cordoba"],"_links":{"self":[{"href":"http:\/\/argentinamunicipal.com.ar\/argentina\/wp-json\/wp\/v2\/posts\/61346","targetHints":{"allow":["GET"]}}],"collection":[{"href":"http:\/\/argentinamunicipal.com.ar\/argentina\/wp-json\/wp\/v2\/posts"}],"about":[{"href":"http:\/\/argentinamunicipal.com.ar\/argentina\/wp-json\/wp\/v2\/types\/post"}],"author":[{"embeddable":true,"href":"http:\/\/argentinamunicipal.com.ar\/argentina\/wp-json\/wp\/v2\/users\/2"}],"replies":[{"embeddable":true,"href":"http:\/\/argentinamunicipal.com.ar\/argentina\/wp-json\/wp\/v2\/comments?post=61346"}],"version-history":[{"count":0,"href":"http:\/\/argentinamunicipal.com.ar\/argentina\/wp-json\/wp\/v2\/posts\/61346\/revisions"}],"wp:featuredmedia":[{"embeddable":true,"href":"http:\/\/argentinamunicipal.com.ar\/argentina\/wp-json\/wp\/v2\/media\/61347"}],"wp:attachment":[{"href":"http:\/\/argentinamunicipal.com.ar\/argentina\/wp-json\/wp\/v2\/media?parent=61346"}],"wp:term":[{"taxonomy":"category","embeddable":true,"href":"http:\/\/argentinamunicipal.com.ar\/argentina\/wp-json\/wp\/v2\/categories?post=61346"},{"taxonomy":"post_tag","embeddable":true,"href":"http:\/\/argentinamunicipal.com.ar\/argentina\/wp-json\/wp\/v2\/tags?post=61346"}],"curies":[{"name":"wp","href":"https:\/\/api.w.org\/{rel}","templated":true}]}}