{"id":6137,"date":"2014-04-20T08:50:56","date_gmt":"2014-04-20T11:50:56","guid":{"rendered":"http:\/\/argentinamunicipal.com.ar\/argentina\/?p=6137"},"modified":"2014-04-20T08:50:56","modified_gmt":"2014-04-20T11:50:56","slug":"se-reactivara-el-servicio-del-tren-patagonico-entre-viedma-y-bariloche","status":"publish","type":"post","link":"http:\/\/argentinamunicipal.com.ar\/argentina\/se-reactivara-el-servicio-del-tren-patagonico-entre-viedma-y-bariloche\/","title":{"rendered":"Se Reactivar\u00e1 El Servicio Del Tren Patag\u00f3nico Entre Viedma Y Bariloche"},"content":{"rendered":"<p><a href=\"http:\/\/argentinamunicipal.com.ar\/argentina\/wp-content\/uploads\/2014\/04\/Nueva-frecuencia-Viedma-Bariloche-del-Tren-Patag\u00f3nico.jpg\"><img loading=\"lazy\" decoding=\"async\" class=\"aligncenter size-full wp-image-6139\" src=\"http:\/\/argentinamunicipal.com.ar\/argentina\/wp-content\/uploads\/2014\/04\/Nueva-frecuencia-Viedma-Bariloche-del-Tren-Patag\u00f3nico.jpg\" alt=\"Nueva-frecuencia-Viedma-Bariloche-del-Tren-Patag\u00f3nico\" width=\"700\" height=\"248\" srcset=\"http:\/\/argentinamunicipal.com.ar\/argentina\/wp-content\/uploads\/2014\/04\/Nueva-frecuencia-Viedma-Bariloche-del-Tren-Patag\u00f3nico.jpg 700w, http:\/\/argentinamunicipal.com.ar\/argentina\/wp-content\/uploads\/2014\/04\/Nueva-frecuencia-Viedma-Bariloche-del-Tren-Patag\u00f3nico-300x106.jpg 300w\" sizes=\"auto, (max-width: 700px) 100vw, 700px\" \/><\/a><\/p>\n<p>El ministro del Interior y Transporte, Florencio Randazzo, aprob\u00f3 el env\u00edo de dos locomotoras para que pueda volver a correr. Tambi\u00e9n se comprometi\u00f3 a ejecutar la obra de recuperaci\u00f3n de un tramo de v\u00edas que fue afectado a ra\u00edz del temporal de la semana pasada. El legendario ferrocarril debi\u00f3 ser suspendido a fines de 2013 por problemas de infraestructura.<\/p>\n<p>El servicio del Tren Patag\u00f3nico que une las ciudades rionegrinas de Viedma y San Carlos de Bariloche ser\u00e1 reactivado en las pr\u00f3ximas semanas, a partir del env\u00edo de dos locomotoras por parte del gobierno nacional para que pueda volver a correr.<\/p>\n<p>El legendario ferrocarril hab\u00eda vuelto a rodar en septiembre del a\u00f1o pasado y tan solo meses despu\u00e9s, al inicio de la temporada estival, debi\u00f3 ser suspendido por problemas de infraestructura.<\/p>\n<p>El acuerdo para la reactivaci\u00f3n fue firmado por el gobernador de R\u00edo Negro, Alberto Weretilneck, y el senador nacional Miguel Pichetto, quienes fueron recibidos en la tarde de ayer por el ministro del Interior y Transporte, Florencio Randazzo.<\/p>\n<p>\u201cPor un pedido del gobernador Weretilneck y del senador Pichetto, hemos avanzado en la recuperaci\u00f3n de un ramal que es central para la vida de los patag\u00f3nicos en general, y de los rionegrinos en particular, como es el que corre entre Viedma y San Carlos de Bariloche\u201d, dijo Randazzo a la prensa provincial, luego de la reuni\u00f3n.<\/p>\n<p>El Titular de Interior y Transporte detall\u00f3 que \u201cel servicio se encontraba suspendido por falta de locomotoras y desde el Gobierno Nacional aportaremos esta soluci\u00f3n para que el tren est\u00e9 corriendo cuanto antes y se vuelva a conectar a estas dos importantes ciudades; uniendo la provincia de punta a punta con el ferrocarril\u201d.<\/p>\n<p>Por otra parte, el gobierno nacional tambi\u00e9n se comprometi\u00f3 a ejecutar la obra de recuperaci\u00f3n de un tramo de v\u00edas que fue afectado a ra\u00edz del temporal que afect\u00f3 la Provincia la semana pasada, provocando \u201cel socavado de terraplenes, arrastre, y embancamiento de la v\u00eda \u201d, seg\u00fan detall\u00f3 oportunamente el gobierno provincial.<\/p>\n<p>Frente a esta situaci\u00f3n el trabajo de Tren Patag\u00f3nico se enfocar\u00e1 en movimientos de suelo que se realizar\u00e1n con la colaboraci\u00f3n de m\u00e1quinas pesadas de Vialidad Rionegrina, y en la reposici\u00f3n de material de v\u00eda; entre los que se encuentran aproximadamente 500 durmientes, 2.800 tirafondos, y 600 metros de rieles.<\/p>\n<p>Se estima que el tiempo de recuperaci\u00f3n del sector ser\u00e1 de 20 d\u00edas, siempre que las condiciones clim\u00e1ticas no aumenten la humedad del suelo imposibilitando el trabajo de los equipos viales.<br \/>\nWeretilneck: \u201ces un privilegio\u201d<\/p>\n<p>En la oportunidad, el gobernador Weretilneck resalt\u00f3 como un hecho trascendente \u201cla colaboraci\u00f3n del Gobierno Nacional para la reactivaci\u00f3n de un servicio tan caro a los sentimientos de los rionegrinos como es nuestro tren. Siempre mencionamos la necesidad de contar con este acompa\u00f1amiento para hacer frente a la inversi\u00f3n que significa el material rodante y las locomotoras\u201d.<\/p>\n<p>\u201cAdem\u00e1s, hemos logrado conseguir un aporte del Gobierno Nacional para la reparaci\u00f3n de la red de v\u00edas en los sectores que fueron afectados por el temporal de la semana pasada. En los pr\u00f3ximos d\u00edas estaremos firmando el convenio respectivo\u201d, adelant\u00f3.<\/p>\n<p>Remarc\u00f3 finalmente que \u201cel Gobierno Nacional ha realizado siempre una gran apuesta para la recuperaci\u00f3n del sistema ferroviario en todo el pa\u00eds. En este marco, se ha puesto \u00e9nfasis en la importancia del Tren Patag\u00f3nico para todos nosotros.<\/p>\n<p>Realmente es un privilegio poder contar con esta ayuda que ser\u00e1 sin dudas un importante impulso para el despegue final de nuestro tren\u201d.<\/p>\n<h6>Fuente: El Oeste<\/h6>\n","protected":false},"excerpt":{"rendered":"<p>El ministro del Interior y Transporte, Florencio Randazzo, aprob\u00f3 el env\u00edo de dos locomotoras para que pueda volver a correr. Tambi\u00e9n se comprometi\u00f3 a ejecutar la obra de recuperaci\u00f3n de un tramo de v\u00edas que fue afectado a ra\u00edz del temporal de la semana pasada. El legendario ferrocarril debi\u00f3 ser suspendido a fines de 2013<\/p>\n","protected":false},"author":2,"featured_media":6139,"comment_status":"closed","ping_status":"closed","sticky":false,"template":"","format":"standard","meta":{"footnotes":""},"categories":[2],"tags":[11],"class_list":["post-6137","post","type-post","status-publish","format-standard","has-post-thumbnail","hentry","category-informe-municipal","tag-rio-negro"],"_links":{"self":[{"href":"http:\/\/argentinamunicipal.com.ar\/argentina\/wp-json\/wp\/v2\/posts\/6137","targetHints":{"allow":["GET"]}}],"collection":[{"href":"http:\/\/argentinamunicipal.com.ar\/argentina\/wp-json\/wp\/v2\/posts"}],"about":[{"href":"http:\/\/argentinamunicipal.com.ar\/argentina\/wp-json\/wp\/v2\/types\/post"}],"author":[{"embeddable":true,"href":"http:\/\/argentinamunicipal.com.ar\/argentina\/wp-json\/wp\/v2\/users\/2"}],"replies":[{"embeddable":true,"href":"http:\/\/argentinamunicipal.com.ar\/argentina\/wp-json\/wp\/v2\/comments?post=6137"}],"version-history":[{"count":0,"href":"http:\/\/argentinamunicipal.com.ar\/argentina\/wp-json\/wp\/v2\/posts\/6137\/revisions"}],"wp:featuredmedia":[{"embeddable":true,"href":"http:\/\/argentinamunicipal.com.ar\/argentina\/wp-json\/wp\/v2\/media\/6139"}],"wp:attachment":[{"href":"http:\/\/argentinamunicipal.com.ar\/argentina\/wp-json\/wp\/v2\/media?parent=6137"}],"wp:term":[{"taxonomy":"category","embeddable":true,"href":"http:\/\/argentinamunicipal.com.ar\/argentina\/wp-json\/wp\/v2\/categories?post=6137"},{"taxonomy":"post_tag","embeddable":true,"href":"http:\/\/argentinamunicipal.com.ar\/argentina\/wp-json\/wp\/v2\/tags?post=6137"}],"curies":[{"name":"wp","href":"https:\/\/api.w.org\/{rel}","templated":true}]}}