{"id":61388,"date":"2017-04-06T06:36:00","date_gmt":"2017-04-06T09:36:00","guid":{"rendered":"http:\/\/argentinamunicipal.com.ar\/argentina\/?p=61388"},"modified":"2017-04-06T06:36:00","modified_gmt":"2017-04-06T09:36:00","slug":"trompadas-la-apertura-sesiones-la-matanza-referentes-del-pro-pj","status":"publish","type":"post","link":"http:\/\/argentinamunicipal.com.ar\/argentina\/trompadas-la-apertura-sesiones-la-matanza-referentes-del-pro-pj\/","title":{"rendered":"Trompadas en la apertura de sesiones de La Matanza entre referentes del PRO y el PJ"},"content":{"rendered":"<p>Un militante del PRO desat\u00f3 una verdadera batalla en la apertura de sesiones ordinarias del Concejo Deliberante de La Matanza. Al minuto, se sumaron dirigentes del macrismo y el peronismo. Todo qued\u00f3 registrado en un video.<\/p>\n<p>La apertura de sesiones en el Concejo Deliberante de La Matanza dio la nota en las \u00faltimas horas luego de que se conociera un video en el que se observa c\u00f3mo militantes y dirigentes del oficialismo y un sector de la oposici\u00f3n se enfrentan a las trompadas.<\/p>\n<p>Seg\u00fan consign\u00f3 el portal El 1 Digital, el conflicto se inici\u00f3 luego de que los concejales del bloque macrista que conduce Miguel Racanelli decidieran retirarse del recinto sin haber escuchado la intervenci\u00f3n de la intendenta del Frente para la Victoria Ver\u00f3nica Magario.<\/p>\n<p>As\u00ed, durante la salida de los ediles de Cambiemos, acompa\u00f1ados por militantes y dirigentes del espacio, uno de ellos golpe\u00f3 a otro referente del peronismo y todo se descontrol\u00f3. La respuesta no se hizo esperar y aparecieron los golpes e insultos.<\/p>\n<p>El presidente del PJ bonaerense\u00a0y ex intendente matancero Fernando Espinoza fue uno de los que intent\u00f3 terciar para evitar la pelea, que sigui\u00f3 fuera del edificio. Asimismo, desde este sector catalogaron la iniciativa de los macristas como \u00abuna\u00a0provocaci\u00f3n y una falta de respeto\u00bb.<\/p>\n<p>Concluida la sesi\u00f3n, la jefa comunal tambi\u00e9n apunt\u00f3 contra los dirigentes de Cambiemos: \u201cEvidentemente ten\u00edan la intenci\u00f3n de irse y as\u00ed lo hicieron. Esto demuestra lo que realmente sucede: no son los hombres y las mujeres del di\u00e1logo, porque no quieren escuchar m\u00e1s nada, mienten y tapan la realidad\u201d.<\/p>\n<p>En esa l\u00ednea, agreg\u00f3: \u201cEsto es lo que est\u00e1 pasando a nivel nacional y tambi\u00e9n pasa con estos sectores en La Matanza. A m\u00ed me da mucha pena porque realmente muchos de ellos conocen y saben lo que est\u00e1 sucediendo ac\u00e1, porque son de ac\u00e1 y este suelo lo conocen\u201d.<\/p>\n<p>\u201cMe parece que una mejor actitud es estar sentado, escuchar el informe anual y dar el debate donde hay que darlo\u201d, culmin\u00f3\u00a0Magario seg\u00fan public\u00f3 el mismo medio.<\/p>\n<h6>Fuente: Infocielo<\/h6>\n","protected":false},"excerpt":{"rendered":"<p>Un militante del PRO desat\u00f3 una verdadera batalla en la apertura de sesiones ordinarias del Concejo Deliberante de La Matanza. Al minuto, se sumaron dirigentes del macrismo y el peronismo.<\/p>\n","protected":false},"author":2,"featured_media":61389,"comment_status":"closed","ping_status":"closed","sticky":false,"template":"","format":"standard","meta":{"footnotes":""},"categories":[4],"tags":[12],"class_list":["post-61388","post","type-post","status-publish","format-standard","has-post-thumbnail","hentry","category-informe-politico","tag-buenos-aires"],"_links":{"self":[{"href":"http:\/\/argentinamunicipal.com.ar\/argentina\/wp-json\/wp\/v2\/posts\/61388","targetHints":{"allow":["GET"]}}],"collection":[{"href":"http:\/\/argentinamunicipal.com.ar\/argentina\/wp-json\/wp\/v2\/posts"}],"about":[{"href":"http:\/\/argentinamunicipal.com.ar\/argentina\/wp-json\/wp\/v2\/types\/post"}],"author":[{"embeddable":true,"href":"http:\/\/argentinamunicipal.com.ar\/argentina\/wp-json\/wp\/v2\/users\/2"}],"replies":[{"embeddable":true,"href":"http:\/\/argentinamunicipal.com.ar\/argentina\/wp-json\/wp\/v2\/comments?post=61388"}],"version-history":[{"count":0,"href":"http:\/\/argentinamunicipal.com.ar\/argentina\/wp-json\/wp\/v2\/posts\/61388\/revisions"}],"wp:featuredmedia":[{"embeddable":true,"href":"http:\/\/argentinamunicipal.com.ar\/argentina\/wp-json\/wp\/v2\/media\/61389"}],"wp:attachment":[{"href":"http:\/\/argentinamunicipal.com.ar\/argentina\/wp-json\/wp\/v2\/media?parent=61388"}],"wp:term":[{"taxonomy":"category","embeddable":true,"href":"http:\/\/argentinamunicipal.com.ar\/argentina\/wp-json\/wp\/v2\/categories?post=61388"},{"taxonomy":"post_tag","embeddable":true,"href":"http:\/\/argentinamunicipal.com.ar\/argentina\/wp-json\/wp\/v2\/tags?post=61388"}],"curies":[{"name":"wp","href":"https:\/\/api.w.org\/{rel}","templated":true}]}}