{"id":61400,"date":"2017-04-06T06:56:04","date_gmt":"2017-04-06T09:56:04","guid":{"rendered":"http:\/\/argentinamunicipal.com.ar\/argentina\/?p=61400"},"modified":"2017-04-06T06:56:04","modified_gmt":"2017-04-06T09:56:04","slug":"comenzo-primer-paro-nacional-la-cgt-gobierno-mauricio-macri","status":"publish","type":"post","link":"http:\/\/argentinamunicipal.com.ar\/argentina\/comenzo-primer-paro-nacional-la-cgt-gobierno-mauricio-macri\/","title":{"rendered":"Comenz\u00f3 el primer paro nacional de la CGT contra el gobierno de Mauricio Macri"},"content":{"rendered":"<p>Desde la medianoche se cumple el cese de actividades por 24 horas dispuesto por la central obrera. Se prev\u00e9 un alto acatamiento, pese a la dura embestida oficial de las \u00faltimas horas.<\/p>\n<p>Despu\u00e9s del ya ic\u00f3nico \u00abpon\u00e9 la fecha\u00bb, la fecha lleg\u00f3. De este modo, desde las 0 horas de hoy se cumple el primer paro nacional de la CGT desde que asumi\u00f3 como presidente Mauricio Macri.<\/p>\n<p>Para la central obrera, la actual gesti\u00f3n \u00abgolpea muy fuertemente a los sectores del trabajo, a los m\u00e1s humildes, a los que m\u00e1s necesitan y tambi\u00e9n a la industria nacional, y a la peque\u00f1a y mediana empresa\u00bb.<\/p>\n<p>\u00abEsta CGT tuvo la responsabilidad de ir marcando todos los errores que ven\u00edan cometiendo y tambi\u00e9n teniendo la prudencia necesaria, tratando tambi\u00e9n de ir conteniendo la paz social m\u00e1s all\u00e1 de los incumplimientos a los compromisos acordados en la Mesa del Di\u00e1logo\u00bb, advirtieron, entre los fundamentos del paro.<\/p>\n<p>Sin embargo, el Gobierno llev\u00f3 adelante en los \u00faltimos d\u00edas y horas una intensa campa\u00f1a para descalificar la medida de fuerza. El propio Macri lo atribuyo en la tarde de ayer a \u00abminor\u00edas que piensan que en el pasado las cosas fueron mejor\u00bb. Adem\u00e1s, en los \u00faltimos d\u00edas el madatario hab\u00eda aludido a las \u00abmafias\u00bb sindicales y acus\u00f3 a los dirigentes gremiales de poner \u00abpalos en la rueda\u00bb.<\/p>\n<p>Por su parte, la vicepresidenta, Gabriela Michetti, calific\u00f3 al paro como una \u00abherramienta vieja\u00bb y dijo que la jornada de protesta convocada por la CGT tiene \u00abmotivaciones pol\u00edticas\u00bb.<\/p>\n<p>Tambi\u00e9n desde distintas reparticiones nacionales, provinciales y municipales si llevaron a cabo diversas iniciativas coercitivas para impedir que los trabajadores ejerzan el derecho a huelga.<\/p>\n<h6>Fuente: InfoNews<\/h6>\n","protected":false},"excerpt":{"rendered":"<p>Desde la medianoche se cumple el cese de actividades por 24 horas dispuesto por la central obrera. Se prev\u00e9 un alto acatamiento, pese a la dura embestida oficial de las \u00faltimas horas.<\/p>\n","protected":false},"author":2,"featured_media":61401,"comment_status":"closed","ping_status":"closed","sticky":false,"template":"","format":"standard","meta":{"footnotes":""},"categories":[8],"tags":[21],"class_list":["post-61400","post","type-post","status-publish","format-standard","has-post-thumbnail","hentry","category-informe-nacional","tag-argentina"],"_links":{"self":[{"href":"http:\/\/argentinamunicipal.com.ar\/argentina\/wp-json\/wp\/v2\/posts\/61400","targetHints":{"allow":["GET"]}}],"collection":[{"href":"http:\/\/argentinamunicipal.com.ar\/argentina\/wp-json\/wp\/v2\/posts"}],"about":[{"href":"http:\/\/argentinamunicipal.com.ar\/argentina\/wp-json\/wp\/v2\/types\/post"}],"author":[{"embeddable":true,"href":"http:\/\/argentinamunicipal.com.ar\/argentina\/wp-json\/wp\/v2\/users\/2"}],"replies":[{"embeddable":true,"href":"http:\/\/argentinamunicipal.com.ar\/argentina\/wp-json\/wp\/v2\/comments?post=61400"}],"version-history":[{"count":0,"href":"http:\/\/argentinamunicipal.com.ar\/argentina\/wp-json\/wp\/v2\/posts\/61400\/revisions"}],"wp:featuredmedia":[{"embeddable":true,"href":"http:\/\/argentinamunicipal.com.ar\/argentina\/wp-json\/wp\/v2\/media\/61401"}],"wp:attachment":[{"href":"http:\/\/argentinamunicipal.com.ar\/argentina\/wp-json\/wp\/v2\/media?parent=61400"}],"wp:term":[{"taxonomy":"category","embeddable":true,"href":"http:\/\/argentinamunicipal.com.ar\/argentina\/wp-json\/wp\/v2\/categories?post=61400"},{"taxonomy":"post_tag","embeddable":true,"href":"http:\/\/argentinamunicipal.com.ar\/argentina\/wp-json\/wp\/v2\/tags?post=61400"}],"curies":[{"name":"wp","href":"https:\/\/api.w.org\/{rel}","templated":true}]}}