{"id":61409,"date":"2017-04-06T07:17:14","date_gmt":"2017-04-06T10:17:14","guid":{"rendered":"http:\/\/argentinamunicipal.com.ar\/argentina\/?p=61409"},"modified":"2017-04-06T07:17:14","modified_gmt":"2017-04-06T10:17:14","slug":"preocupa-tres-lomas-cierre-frigorifico-jaqueado-la-crisis-los-tarifazos","status":"publish","type":"post","link":"http:\/\/argentinamunicipal.com.ar\/argentina\/preocupa-tres-lomas-cierre-frigorifico-jaqueado-la-crisis-los-tarifazos\/","title":{"rendered":"Preocupa en Tres Lomas el cierre de un frigor\u00edfico jaqueado por la crisis y los tarifazos"},"content":{"rendered":"<p>Lleg\u00f3 a faenar 600 animales por d\u00eda y a tener 250 empleados. Pero hoy, sus 60 trabajadores fueron suspendidos por 21 d\u00edas y hay olor a cierre. Desde la Municipalidad le piden auxilio a Mar\u00eda Eugenia Vidal y dicen que Agroindustria se desentendi\u00f3 del problema.<\/p>\n<p>El frigor\u00edfico Deo Valente, del partido de Tres Lomas, notific\u00f3 ayer a sus 60 empleados que suspender\u00e1 las faenas por un plazo de dos semanas y conmocion\u00f3 a la peque\u00f1a localidad, de cerca de nueve mil habitantes. La industria, que lleg\u00f3 a faenar hasta 600 animales por d\u00eda y a darle trabajo a 250 personas, est\u00e1 jaqueada por el menor ingreso de hacienda y los tarifazos de gas y electricidad.<\/p>\n<p>El impacto en la econom\u00eda local es de 60 empleos directos, que hacen a cerca de un mill\u00f3n de pesos por mes que dejan de circular, m\u00e1s algunos empleos indirectos.<\/p>\n<p>\u201cLa gente est\u00e1 muy asustada porque en el d\u00eda de ayer les pagaron la quincena al personal y les dijeron que suspend\u00edan el trabajo por 21 d\u00edas\u201d, le confirm\u00f3 a INFOCIELO el intendente de Tres Lomas, Roberto \u00c1lvarez, del FpV, que admiti\u00f3 que el frigor\u00edfico \u201cestaba pasando por un momento complicado\u201d.<\/p>\n<p>\u201cLo puse en conocimiento a (el ministro de Agroindustria, Leonardo) Sarqu\u00eds y hace unos treinta d\u00edas el intendente interino hizo lo mismo con el subsecretario de Calidad Agroalimentaria y Uso Agropecuario de los Recursos Naturales, Sergio Robert, apunt\u00e1ndole que el frigor\u00edfico necesitaba apoyo\u201d, narr\u00f3 el Jefe Comunal.<\/p>\n<p>Sin embargo, nadie de la cartera bonaerense llam\u00f3 para interiorizarse sobre la cuesti\u00f3n, por lo cual \u00c1lvarez decidi\u00f3 hoy mismo escribirle a la gobernadora Mar\u00eda Eugenia Vidal, como \u00faltimo recurso. \u201cHay cuestiones que nos hacen suponer que ser\u00e1 dif\u00edcil que vuelva a abrir en 21 d\u00edas\u201d, reconoci\u00f3.<\/p>\n<h6>Fuente: InfoCielo<\/h6>\n","protected":false},"excerpt":{"rendered":"<p>Lleg\u00f3 a faenar 600 animales por d\u00eda y a tener 250 empleados. Pero hoy, sus 60 trabajadores fueron suspendidos por 21 d\u00edas y hay olor a cierre. Desde la Municipalidad le piden auxilio a Mar\u00eda Eugenia Vidal y dicen que Agroindustria se desentendi\u00f3 del problema.<\/p>\n","protected":false},"author":2,"featured_media":61410,"comment_status":"closed","ping_status":"closed","sticky":false,"template":"","format":"standard","meta":{"footnotes":""},"categories":[2],"tags":[12],"class_list":["post-61409","post","type-post","status-publish","format-standard","has-post-thumbnail","hentry","category-informe-municipal","tag-buenos-aires"],"_links":{"self":[{"href":"http:\/\/argentinamunicipal.com.ar\/argentina\/wp-json\/wp\/v2\/posts\/61409","targetHints":{"allow":["GET"]}}],"collection":[{"href":"http:\/\/argentinamunicipal.com.ar\/argentina\/wp-json\/wp\/v2\/posts"}],"about":[{"href":"http:\/\/argentinamunicipal.com.ar\/argentina\/wp-json\/wp\/v2\/types\/post"}],"author":[{"embeddable":true,"href":"http:\/\/argentinamunicipal.com.ar\/argentina\/wp-json\/wp\/v2\/users\/2"}],"replies":[{"embeddable":true,"href":"http:\/\/argentinamunicipal.com.ar\/argentina\/wp-json\/wp\/v2\/comments?post=61409"}],"version-history":[{"count":0,"href":"http:\/\/argentinamunicipal.com.ar\/argentina\/wp-json\/wp\/v2\/posts\/61409\/revisions"}],"wp:featuredmedia":[{"embeddable":true,"href":"http:\/\/argentinamunicipal.com.ar\/argentina\/wp-json\/wp\/v2\/media\/61410"}],"wp:attachment":[{"href":"http:\/\/argentinamunicipal.com.ar\/argentina\/wp-json\/wp\/v2\/media?parent=61409"}],"wp:term":[{"taxonomy":"category","embeddable":true,"href":"http:\/\/argentinamunicipal.com.ar\/argentina\/wp-json\/wp\/v2\/categories?post=61409"},{"taxonomy":"post_tag","embeddable":true,"href":"http:\/\/argentinamunicipal.com.ar\/argentina\/wp-json\/wp\/v2\/tags?post=61409"}],"curies":[{"name":"wp","href":"https:\/\/api.w.org\/{rel}","templated":true}]}}