{"id":61421,"date":"2017-04-06T07:33:26","date_gmt":"2017-04-06T10:33:26","guid":{"rendered":"http:\/\/argentinamunicipal.com.ar\/argentina\/?p=61421"},"modified":"2017-04-06T07:33:26","modified_gmt":"2017-04-06T10:33:26","slug":"lanus-denunciaron-nestor-grindetti-diego-kravetz-represion","status":"publish","type":"post","link":"http:\/\/argentinamunicipal.com.ar\/argentina\/lanus-denunciaron-nestor-grindetti-diego-kravetz-represion\/","title":{"rendered":"Lan\u00fas: Denunciaron a N\u00e9stor Grindetti y Diego Kravetz por \u00abrepresi\u00f3n\u00bb"},"content":{"rendered":"<p>La demanda judicial es encabezada por el Movimiento de Profesionales para los Pueblos (MPP), de la que tambi\u00e9n forma parte el Movimiento de Trabajadores Excluidos (MTE), por la \u00abrepresi\u00f3n\u00bb en el comedor. La hija de la cocinera perdi\u00f3 su embarazo.<\/p>\n<p>La denuncia penal del MPP y del MTE es \u201ccontra el intendente del Municipio de Lan\u00fas, N\u00e9stor Grindetti; el Secretario de Seguridad y Movilidad Sustentable del Municipio, Diego Kravetz; el jefe del Comando de Prevenci\u00f3n Comunitaria de Lan\u00fas, Comisario Inspector Marcelo Gonz\u00e1lez y la totalidad del personal policial que particip\u00f3 del procedimiento en el comedor ubicado en Murgiondo 622, entre Hornos y Jos\u00e9 Le\u00f3n Suarez, de la localidad de Lan\u00fas\u201d.<\/p>\n<p>Seg\u00fan confirm\u00f3 a Info Regi\u00f3n el integrante del MTE, Nicol\u00e1s Caro Prefi, la denuncia recay\u00f3 en el Cuerpo de Instrucci\u00f3n contra la Violencia Institucional del Ministerio P\u00fablico Fiscal de Lomas de Zamora.<\/p>\n<p>En el texto, las agrupaciones subrayan la ilegalidad del procedimiento efectuado por la Polic\u00eda Local y plantearon \u201cla desaparici\u00f3n forzada\u201d de dos j\u00f3venes, quienes \u00abfueron mantenidos privados de su libertad por m\u00e1s de cuatro horas, sin dar informaci\u00f3n sobre su paradero a dependencia policial o judicial alguna, ante la insiste b\u00fasqueda de sus familiares\u201d.<\/p>\n<p>Adem\u00e1s, se eval\u00faa una nueva denuncia contra el secretario de Seguridad, ya que la hija de la cocinera del comedor perdi\u00f3 su embarazo tras el episodio. \u201cFalta confirmar bien los estudios que se le realizaron en la cl\u00ednica, pero todo indicar\u00eda que la p\u00e9rdida habr\u00eda sido por lo ocurrido ese d\u00eda\u201d, coment\u00f3 Caro Prefi.<\/p>\n<p>Masivo reclamo. El martes, se realiz\u00f3 una multitud se moviliz\u00f3 al edificio municipal en Lan\u00fas para reclamar por \u201cjusticia, que se esclarezca lo sucedido y para que Kravetz sea separado del cargo\u201d.<\/p>\n<p>Caro Prefi destac\u00f3 \u201clo masivo que fue la marcha, a pesar de que el municipio intente negarlo\u201d, en el marco de una jornada \u201cpac\u00edfica\u201d, \u201cdonde los chicos tomaron chocolatada\u201d. Adem\u00e1s, apuntaron contra N\u00e9stor Grindetti \u201cpor ser el responsable pol\u00edtico del municipio\u201d. \u201cHubo muchos compa\u00f1eros que contaron todo lo que hab\u00eda sucedido, sus sensaciones, siguiendo sin creer lo violento que fue todo lo ocurrido\u201d, concluy\u00f3.<\/p>\n<h6>Fuente: InfoRegi\u00f3n<\/h6>\n","protected":false},"excerpt":{"rendered":"<p>La demanda judicial es encabezada por el Movimiento de Profesionales para los Pueblos (MPP), de la que tambi\u00e9n forma parte el Movimiento de Trabajadores Excluidos (MTE), por la \u00abrepresi\u00f3n\u00bb en el comedor. La hija de la cocinera perdi\u00f3 su embarazo.<\/p>\n","protected":false},"author":2,"featured_media":61422,"comment_status":"closed","ping_status":"closed","sticky":false,"template":"","format":"standard","meta":{"footnotes":""},"categories":[4],"tags":[12],"class_list":["post-61421","post","type-post","status-publish","format-standard","has-post-thumbnail","hentry","category-informe-politico","tag-buenos-aires"],"_links":{"self":[{"href":"http:\/\/argentinamunicipal.com.ar\/argentina\/wp-json\/wp\/v2\/posts\/61421","targetHints":{"allow":["GET"]}}],"collection":[{"href":"http:\/\/argentinamunicipal.com.ar\/argentina\/wp-json\/wp\/v2\/posts"}],"about":[{"href":"http:\/\/argentinamunicipal.com.ar\/argentina\/wp-json\/wp\/v2\/types\/post"}],"author":[{"embeddable":true,"href":"http:\/\/argentinamunicipal.com.ar\/argentina\/wp-json\/wp\/v2\/users\/2"}],"replies":[{"embeddable":true,"href":"http:\/\/argentinamunicipal.com.ar\/argentina\/wp-json\/wp\/v2\/comments?post=61421"}],"version-history":[{"count":0,"href":"http:\/\/argentinamunicipal.com.ar\/argentina\/wp-json\/wp\/v2\/posts\/61421\/revisions"}],"wp:featuredmedia":[{"embeddable":true,"href":"http:\/\/argentinamunicipal.com.ar\/argentina\/wp-json\/wp\/v2\/media\/61422"}],"wp:attachment":[{"href":"http:\/\/argentinamunicipal.com.ar\/argentina\/wp-json\/wp\/v2\/media?parent=61421"}],"wp:term":[{"taxonomy":"category","embeddable":true,"href":"http:\/\/argentinamunicipal.com.ar\/argentina\/wp-json\/wp\/v2\/categories?post=61421"},{"taxonomy":"post_tag","embeddable":true,"href":"http:\/\/argentinamunicipal.com.ar\/argentina\/wp-json\/wp\/v2\/tags?post=61421"}],"curies":[{"name":"wp","href":"https:\/\/api.w.org\/{rel}","templated":true}]}}