{"id":61424,"date":"2017-04-06T06:34:34","date_gmt":"2017-04-06T09:34:34","guid":{"rendered":"http:\/\/argentinamunicipal.com.ar\/argentina\/?p=61424"},"modified":"2017-04-06T07:39:39","modified_gmt":"2017-04-06T10:39:39","slug":"73-precarizacion-laboral-aserradero-campos-rurales-salta","status":"publish","type":"post","link":"http:\/\/argentinamunicipal.com.ar\/argentina\/73-precarizacion-laboral-aserradero-campos-rurales-salta\/","title":{"rendered":"73% de precarizaci\u00f3n laboral en un aserradero y campos rurales de Salta"},"content":{"rendered":"<p>La Administraci\u00f3n Federal de Ingresos P\u00fablicos (AFIP), a trav\u00e9s de la Direcci\u00f3n General de los Recursos de la Seguridad Social, detect\u00f3 un 73% de trabajadores en negro que realizaban sus tareas en p\u00e9simas condiciones de seguridad e higiene, en operativos llevados a cabo en un aserradero y dos fincas rurales de nuestra provincia.<\/p>\n<p>En total, en los tres establecimientos fueron relevados 127 trabajadores, de los cuales 93 se encontraban sin la debida registraci\u00f3n laboral y por fuera de toda cobertura social.<\/p>\n<p>Funcionarios de la AFIP detectaron a 84 personas que trabajaban en condiciones de extrema precariedad, todas ellas sin registrar, durante relevamientos realizados sobre dos fincas dedicadas al cultivo de hortalizas y tomates, ambas cercanas a la localidad de Pichanal.<\/p>\n<p>Mientras tanto, en un aserradero de la localidad de Or\u00e1n, el 100% de los trabajadores all\u00ed presentes, un total de 9 personas, no hab\u00edan sido declaradas por su empleador.<\/p>\n<h6>Fuente: La Hora de Salta<\/h6>\n","protected":false},"excerpt":{"rendered":"<p>La Administraci\u00f3n Federal de Ingresos P\u00fablicos (AFIP), a trav\u00e9s de la Direcci\u00f3n General de los Recursos de la Seguridad Social, detect\u00f3 un 73% de trabajadores en negro que realizaban sus tareas en p\u00e9simas condiciones <\/p>\n","protected":false},"author":2,"featured_media":61425,"comment_status":"closed","ping_status":"closed","sticky":false,"template":"","format":"standard","meta":{"footnotes":""},"categories":[65],"tags":[9],"class_list":["post-61424","post","type-post","status-publish","format-standard","has-post-thumbnail","hentry","category-provincias","tag-salta"],"_links":{"self":[{"href":"http:\/\/argentinamunicipal.com.ar\/argentina\/wp-json\/wp\/v2\/posts\/61424","targetHints":{"allow":["GET"]}}],"collection":[{"href":"http:\/\/argentinamunicipal.com.ar\/argentina\/wp-json\/wp\/v2\/posts"}],"about":[{"href":"http:\/\/argentinamunicipal.com.ar\/argentina\/wp-json\/wp\/v2\/types\/post"}],"author":[{"embeddable":true,"href":"http:\/\/argentinamunicipal.com.ar\/argentina\/wp-json\/wp\/v2\/users\/2"}],"replies":[{"embeddable":true,"href":"http:\/\/argentinamunicipal.com.ar\/argentina\/wp-json\/wp\/v2\/comments?post=61424"}],"version-history":[{"count":0,"href":"http:\/\/argentinamunicipal.com.ar\/argentina\/wp-json\/wp\/v2\/posts\/61424\/revisions"}],"wp:featuredmedia":[{"embeddable":true,"href":"http:\/\/argentinamunicipal.com.ar\/argentina\/wp-json\/wp\/v2\/media\/61425"}],"wp:attachment":[{"href":"http:\/\/argentinamunicipal.com.ar\/argentina\/wp-json\/wp\/v2\/media?parent=61424"}],"wp:term":[{"taxonomy":"category","embeddable":true,"href":"http:\/\/argentinamunicipal.com.ar\/argentina\/wp-json\/wp\/v2\/categories?post=61424"},{"taxonomy":"post_tag","embeddable":true,"href":"http:\/\/argentinamunicipal.com.ar\/argentina\/wp-json\/wp\/v2\/tags?post=61424"}],"curies":[{"name":"wp","href":"https:\/\/api.w.org\/{rel}","templated":true}]}}