{"id":61446,"date":"2017-04-07T06:56:32","date_gmt":"2017-04-07T09:56:32","guid":{"rendered":"http:\/\/argentinamunicipal.com.ar\/argentina\/?p=61446"},"modified":"2017-04-07T06:56:32","modified_gmt":"2017-04-07T09:56:32","slug":"dia-pais-se-paro-macri","status":"publish","type":"post","link":"http:\/\/argentinamunicipal.com.ar\/argentina\/dia-pais-se-paro-macri\/","title":{"rendered":"El d\u00eda que el pa\u00eds se par\u00f3 contra Macri"},"content":{"rendered":"<p>La CGT consider\u00f3 que la medida fue contundente y reclam\u00f3 di\u00e1logo y cambios en las pol\u00edticas econ\u00f3micas de Macri. El Gobierno puso en acci\u00f3n el protocolo antipiquetes en la Panamericana, donde hubo represi\u00f3n y heridos.<\/p>\n<p>Hab\u00edan transcurrido 15 horas desde el comienzo del paro general cuando el triunviro de la CGT, H\u00e9ctor Daer, calific\u00f3 la jornada como \u201ccontundente\u201d y reclam\u00f3 di\u00e1logo pero tambi\u00e9n un cambio en las pol\u00edticas econ\u00f3micas del presidente Mauricio Macri. Un rato antes las dos CTA, la de Hugo Yasky y Pablo Micheli, coincidieron en el an\u00e1lisis pero se animaron a calcular que el acatamiento fue de un 90 por ciento. El Gobierno, en tanto, no s\u00f3lo minimiz\u00f3 el reclamo sino que reprimi\u00f3 con dureza los piquetes que organizaron los partidos de izquierda, especialmente en la Panamericana donde hubo heridos y detenidos.<\/p>\n<p>Contenidos y sin reflejar alegr\u00eda por el \u00e9xito de la medida de fuerza, los tres miembros de la conducci\u00f3n de la CGT, H\u00e9ctor Daer (Sanidad), Juan Carlos Schmid (Dragado) y Carlos Acu\u00f1a (Estaciones de Servicio), se aprestaron a evaluar la medida de fuerza en el hist\u00f3rico sal\u00f3n Felipe Vallese. Daer no s\u00f3lo calific\u00f3 la jornada como \u201ccontundente\u201d sino que llam\u00f3 al Gobierno a escuchar el reclamo que exige \u201cla rectificaci\u00f3n de las pol\u00edticas econ\u00f3micas y sociales\u201d. El dirigente cegetista no eludi\u00f3 la iron\u00eda de la frase que unas horas antes hab\u00eda lanzado Macri en la inauguraci\u00f3n de mini Davos porte\u00f1o: \u201cBienvenidos a todos, qu\u00e9 bueno que todos estemos ac\u00e1, trabajando\u201d, dijo el presidente. Daer respondi\u00f3 con un lac\u00f3nico \u201ctodav\u00eda estamos triste porque hay millones de compatriotas nuestros que no tienen trabajo\u201d.<\/p>\n<p>A su turno, Acu\u00f1a se concentr\u00f3 en la historia del paro, que incluy\u00f3 la luego vetada ley antidespidos, el acta de noviembre que firmaron junto al gobierno y las centrales empresarias para evitar p\u00e9rdidas de puestos de trabajo y un bono de 2000 pesos (\u201cLos empresarios no cumplieron pero gobierno no se ocup\u00f3 en buscar que eso se cumpla\u201d), la movilizaci\u00f3n del 7 de marzo y ahora el paro, para concluir que \u201cel presidente tiene la responsabilidad de escuchar al pueblo, el alto acatamiento es para que escuche y nosotros estamos dispuesta a acompa\u00f1ar para mejorar y que le vaya bien a los argentinos y no a unos pocos\u201d.<\/p>\n<p>Schmid se preocup\u00f3 por desestimar la tesis desestabilizadora del gobierno macrista. \u201cNo estamos promoviendo ninguna fogata social, no est\u00e1 en el \u00e1nimo de los hombres y mujeres que se termine el mandato de nadie\u201d. Luego afirm\u00f3 que la CGT tiene \u201cvocaci\u00f3n de sostener el gobierno electo pero ello no significa resignaci\u00f3n. No confundan nuestra prudencia con la lentitud y la espantosa ausencia de encontrar soluciones a los problemas del pa\u00eds\u201d. No se olvid\u00f3 de la acusaci\u00f3n presidencial sobre la existencia de mafias en los sindicatos y por eso dijo que \u201csi hay mafia en este pa\u00eds que la busquen en la especulaci\u00f3n financiera, es all\u00ed donde van a encontrar m\u00e1s de un mafioso\u201d.<\/p>\n<p>Cuando los periodistas quisieron saber sobre la inexistencia, seg\u00fan afirm\u00f3 el mismo Presidente, de un plan B en el gobierno, Daer tom\u00f3 el micr\u00f3fono y se\u00f1al\u00f3 que \u201cno somos los que tienen que llevar un plan alternativo, no gobernamos, pero s\u00ed somos v\u00edctimas de pol\u00edticas que no traen consecuencias favorables para la mayor\u00eda de la sociedad\u201d.<\/p>\n<p>El paro nacional que comenz\u00f3 a la medianoche del mi\u00e9rcoles se sinti\u00f3 con fuerza en todo el pa\u00eds y por su magnitud sorprendi\u00f3 a los propios organizadores. La adhesi\u00f3n de los gremios de transporte fue estrat\u00e9gico pero tambi\u00e9n result\u00f3 importante el respaldo de organizaciones empresarias y de pymes que colaboraron junto a los sindicatos a enmudecer y vaciar las zonas comerciales de cada ciudad. A pesar del esfuerzo que ejerci\u00f3 el gobierno, como la liberaci\u00f3n de peajes y el libre estacionamiento en la ciudad de Buenos Aires, no consigui\u00f3 contrarrestar la efectividad de la medida de fuerza.<\/p>\n<p>La CGT realiz\u00f3 dos conferencias de prensa. Cuando se hizo la primera la Gendarmer\u00eda, bajo la conducci\u00f3n del secretario de Seguridad, Eugenio Burzaco, ya hab\u00eda ordenado la represi\u00f3n a los piquetes que hab\u00edan organizado partidos y sindicatos de izquierda. No hubo piedad con los manifestantes. Los palos, el agua y el gas pimienta lo distribuyeron sin distinci\u00f3n. La represi\u00f3n dej\u00f3 heridos y detenidos (ver p\u00e1gina 7).<\/p>\n<p>Durante el primer encuentro con la prensa, el camionero Pablo Moyano, confi\u00f3 en que el gobierno reaccione y convoque a una mesa de di\u00e1logo pero advirti\u00f3: \u201cNo como ocurri\u00f3 antes donde s\u00f3lo era para la foto, donde se firmaban actas que luego no se cumpl\u00edan. Si eso no ocurre habr\u00e1 medidas m\u00e1s contundentes porque hasta ahora las medidas del gobierno no fueron a favor de los trabajadores. Creo que est\u00e1 claro que el gobierno beneficia a un peque\u00f1o sector\u201d. Incluso pronostic\u00f3 que las inversiones que la Casa Rosada anuncia no vendr\u00e1n pero no por culpa del paro \u201csino por las pol\u00edticas del gobierno que bajan la producci\u00f3n por la apertura de las importaciones y provocan la ca\u00edda del salario. Eso ahuyenta las inversiones\u201d.<\/p>\n<p>Las dos CTA se reunieron en la sede que tienen en el barrio porte\u00f1o de Monserrat donde coincidieron en calificar a la medida como \u201cuna jornada hist\u00f3rica\u201d. Yasky dijo que \u201chay un pa\u00eds que plebiscit\u00f3, con la adhesi\u00f3n al paro, las pol\u00edticas de ajuste del gobierno de Macri, que dijo basta de ponerle techo a las paritarias, de aumentos salariales por debajo de la inflaci\u00f3n y de los numerosos despidos\u201d. Micheli, en tanto, afirm\u00f3 que \u201clos trabajadores dieron una respuesta contundente frente \u00a0a la profundizaci\u00f3n de las pol\u00edticas econ\u00f3micas de ajuste de este gobierno y el \u00fanico lugar que tuvo cero acatamiento al paro fue el \u2018mini Davos\u2019 de Macri\u201d.<\/p>\n<p>La respuesta delGobierno al paro nacional, que encima incluy\u00f3 el fallo judicial que lo obliga a convocar a la paritaria nacional docente, fue la provocativa iron\u00eda presidencial, la represi\u00f3n a los piquetes y una ristra de declaraciones de los principales funcionarios del gobierno. El jefe de Gabinete, Marcos Pe\u00f1a, se limit\u00f3 a decir que la ausencia de transporte p\u00fablico impidi\u00f3 \u201ca los que acompa\u00f1an el cambio\u201d ir a trabajar. Por su parte, el ministro de Trabajo, Jorge Triaca, dijo que el paro \u201cfue innecesario e inoportuno\u201d y se anim\u00f3 a decir que en varias provincias el paro no afect\u00f3 la vida cotidiana. Sin embargo, los reportes que llegaron desde el resto del pa\u00eds contradicen al funcionario. Por caso, en Jujuy, uno de los distritos que con mano de hierro controla Cambiemos a trav\u00e9s del radical Gerardo Morales, el paro tuvo un alto acatamiento al igual que en C\u00f3rdoba, Tucum\u00e1n, Santiago del Estero, Santa Fe, Chubut, Misiones y La Rioja, entre otras<\/p>\n<h6>Fuente: P\u00e1gina 12<\/h6>\n","protected":false},"excerpt":{"rendered":"<p>La CGT consider\u00f3 que la medida fue contundente y reclam\u00f3 di\u00e1logo y cambios en las pol\u00edticas econ\u00f3micas de Macri. El Gobierno puso en acci\u00f3n el protocolo antipiquetes en la Panamericana, donde hubo represi\u00f3n y heridos.<\/p>\n","protected":false},"author":2,"featured_media":61448,"comment_status":"closed","ping_status":"closed","sticky":false,"template":"","format":"standard","meta":{"footnotes":""},"categories":[8],"tags":[21],"class_list":["post-61446","post","type-post","status-publish","format-standard","has-post-thumbnail","hentry","category-informe-nacional","tag-argentina"],"_links":{"self":[{"href":"http:\/\/argentinamunicipal.com.ar\/argentina\/wp-json\/wp\/v2\/posts\/61446","targetHints":{"allow":["GET"]}}],"collection":[{"href":"http:\/\/argentinamunicipal.com.ar\/argentina\/wp-json\/wp\/v2\/posts"}],"about":[{"href":"http:\/\/argentinamunicipal.com.ar\/argentina\/wp-json\/wp\/v2\/types\/post"}],"author":[{"embeddable":true,"href":"http:\/\/argentinamunicipal.com.ar\/argentina\/wp-json\/wp\/v2\/users\/2"}],"replies":[{"embeddable":true,"href":"http:\/\/argentinamunicipal.com.ar\/argentina\/wp-json\/wp\/v2\/comments?post=61446"}],"version-history":[{"count":0,"href":"http:\/\/argentinamunicipal.com.ar\/argentina\/wp-json\/wp\/v2\/posts\/61446\/revisions"}],"wp:featuredmedia":[{"embeddable":true,"href":"http:\/\/argentinamunicipal.com.ar\/argentina\/wp-json\/wp\/v2\/media\/61448"}],"wp:attachment":[{"href":"http:\/\/argentinamunicipal.com.ar\/argentina\/wp-json\/wp\/v2\/media?parent=61446"}],"wp:term":[{"taxonomy":"category","embeddable":true,"href":"http:\/\/argentinamunicipal.com.ar\/argentina\/wp-json\/wp\/v2\/categories?post=61446"},{"taxonomy":"post_tag","embeddable":true,"href":"http:\/\/argentinamunicipal.com.ar\/argentina\/wp-json\/wp\/v2\/tags?post=61446"}],"curies":[{"name":"wp","href":"https:\/\/api.w.org\/{rel}","templated":true}]}}