{"id":61450,"date":"2017-04-07T07:01:20","date_gmt":"2017-04-07T10:01:20","guid":{"rendered":"http:\/\/argentinamunicipal.com.ar\/argentina\/?p=61450"},"modified":"2017-04-07T07:01:20","modified_gmt":"2017-04-07T10:01:20","slug":"bueno-estar-aca-trabajando","status":"publish","type":"post","link":"http:\/\/argentinamunicipal.com.ar\/argentina\/bueno-estar-aca-trabajando\/","title":{"rendered":"\u201cQu\u00e9 bueno es estar ac\u00e1 trabajando\u201d"},"content":{"rendered":"<p>En otro desaf\u00edo a dirigentes sindicales y trabajadores, el presidente Macri provoc\u00f3 diciendo que estaba trabajando junto a grandes empresarios y banqueros en la inauguraci\u00f3n del denominado Davosito. Plante\u00f3 que su gobierno aspira a \u201cun cambio cultural\u201d.<\/p>\n<p>Temprano a la ma\u00f1ana, cuando el paro general de la CGT ya exhib\u00eda su contundencia, el presidente Mauricio Macri inaugur\u00f3 el Foro Econ\u00f3mico Mundial para Am\u00e9rica latina. El comienzo fue una provocaci\u00f3n: \u201cQu\u00e9 bueno que es estar ac\u00e1 trabajando\u201d, afirm\u00f3. Ante empresarios y banqueros se sinti\u00f3 c\u00f3modo en ese desaf\u00edo, para ratificar una vez m\u00e1s que es un gobierno de y para ricos. Pese a que le molesta que se lo defina de esa manera, el presidente no hace mucho esfuerzo para que parezca de otra manera. Macri reivindic\u00f3 su gesti\u00f3n de gobierno afirmando que \u201cqueda claro que lo que comenz\u00f3 hace 15 meses en nuestro pa\u00eds es mucho m\u00e1s profundo que un cambio econ\u00f3mico, es un cambio cultural\u201d. Prometi\u00f3 a empresarios y banqueros que la Argentina tiene \u201cmucho m\u00e1s que ofrecer de que lo que ten\u00edamos en el pasado\u201d.<\/p>\n<p>En una extra\u00f1a definici\u00f3n acerca del sendero que puede tener un pa\u00eds, Macri exager\u00f3 diciendo que Argentina tiene una capacidad de crecimiento \u201cinfinita\u201d y que \u201ces, por lejos, el pa\u00eds que m\u00e1s listo est\u00e1 para asumir el verdadero liderazgo que el mundo entero esper\u00f3 de nosotros\u201d. \u201cSi trabajamos coordinadamente, la Argentina ser\u00e1, sin duda, el pa\u00eds que m\u00e1s va a crecer en los pr\u00f3ximos 20 a\u00f1os\u201d, a\u00f1adi\u00f3 el Jefe de Estado al hablar ante l\u00edderes mundiales y regionales de los negocios, de gobiernos y de la sociedad civil reunidos en un hotel c\u00e9ntrico.<\/p>\n<p>Luego de un breve discurso de apertura, el Presidente contest\u00f3 preguntas en el escenario acompa\u00f1ado del fundador y director ejecutivo del Foro, el alem\u00e1n Klaus Schwab. Para eludir que los resultados econ\u00f3micos son negativos en los primeros 15 meses de gesti\u00f3n, coment\u00f3 que est\u00e1 liderando un cambio cultural, no econ\u00f3mico, \u201cbasado en aprendizaje de a\u00f1os los cuales nos llevaron a caminos equivocados y expon\u00eda valores que no representaban la esencia de los argentinos\u201d. As\u00ed Macri hizo de int\u00e9rprete de los valores nacionales, lo que es bastante peculiar porque su gobierno ha rehuido de s\u00edmbolos y pr\u00f3ceres, como en la confecci\u00f3n de los nuevos billetes por parte del Banco Central que tienen como figuras animales o la pol\u00edtica de distintos organismos p\u00fablicos de elaborar el mapa del pa\u00eds borrando a las Islas Malvinas.<\/p>\n<p>\u201cEstamos decididos por apostar por el futuro, basados en la verdad, en poner los problemas sobre la mesa, encararlos y resolverlos; ser predecibles, confiables\u201d porque \u201cclaramente la confianza es lo que lidera la fuerza de crecimiento de una sociedad\u201d, asegur\u00f3 Macri. Dijo que el Gobierno cree \u201cen la importancia del di\u00e1logo, en el interno y en el externo para encontrar cu\u00e1les son las mejores v\u00edas de desarrollo\u201d para el pa\u00eds.<\/p>\n<p>PUBLICIDAD<\/p>\n<p>Record\u00f3 que el gobierno nacional junto a las provincias y a los sectores laborales y empresariales se sentaron \u201calrededor de una mesa\u201d para acordar \u201cesfuerzos compartidos\u201d de desarrollo, que comenzaron con los sectores de energ\u00eda, automotriz y construcci\u00f3n y que continuar\u00e1n con otras actividades importantes de la producci\u00f3n nacional.<\/p>\n<p>El Foro que termina hoy re\u00fane a l\u00edderes mundiales y regionales de los negocios, de Gobierno y la sociedad civil para debatir sobre la actualidad y las perspectivas de Am\u00e9rica latina. Publicita que los participantes analizan los retos, los riesgos y las oportunidades para la regi\u00f3n en un per\u00edodo de transici\u00f3n y discuten temas pol\u00edticos, econ\u00f3micos y sociales, que incluyen transparencia, adaptaci\u00f3n y estabilidad a largo plazo para mejorar la confianza.<\/p>\n<p>Macri mencion\u00f3 que entre las acciones m\u00e1s importantes que encar\u00f3 el Gobierno figura el plan de infraestructura \u201cm\u00e1s grande de la historia\u201d del pa\u00eds para que los argentinos puedan conectarse y optimizar el intercambio \u201cque es f\u00edsico y virtual\u201d. Plan de obras p\u00fablicas que reci\u00e9n est\u00e1 arrancando, de una dimensi\u00f3n modesta en relaci\u00f3n al ritmo de a\u00f1os pasados que desmiente al presidente y, fundamentalmente, con muy bajo nivel de ejecuci\u00f3n.<\/p>\n<h6>Fuente: P\u00e1gina 12<\/h6>\n","protected":false},"excerpt":{"rendered":"<p>En otro desaf\u00edo a dirigentes sindicales y trabajadores, el presidente Macri provoc\u00f3 diciendo que estaba trabajando junto a grandes empresarios y banqueros en la inauguraci\u00f3n del denominado Davosito. Plante\u00f3 que su gobierno aspira a \u201cun cambio cultural\u201d.<\/p>\n","protected":false},"author":2,"featured_media":61451,"comment_status":"closed","ping_status":"closed","sticky":false,"template":"","format":"standard","meta":{"footnotes":""},"categories":[8],"tags":[21],"class_list":["post-61450","post","type-post","status-publish","format-standard","has-post-thumbnail","hentry","category-informe-nacional","tag-argentina"],"_links":{"self":[{"href":"http:\/\/argentinamunicipal.com.ar\/argentina\/wp-json\/wp\/v2\/posts\/61450","targetHints":{"allow":["GET"]}}],"collection":[{"href":"http:\/\/argentinamunicipal.com.ar\/argentina\/wp-json\/wp\/v2\/posts"}],"about":[{"href":"http:\/\/argentinamunicipal.com.ar\/argentina\/wp-json\/wp\/v2\/types\/post"}],"author":[{"embeddable":true,"href":"http:\/\/argentinamunicipal.com.ar\/argentina\/wp-json\/wp\/v2\/users\/2"}],"replies":[{"embeddable":true,"href":"http:\/\/argentinamunicipal.com.ar\/argentina\/wp-json\/wp\/v2\/comments?post=61450"}],"version-history":[{"count":0,"href":"http:\/\/argentinamunicipal.com.ar\/argentina\/wp-json\/wp\/v2\/posts\/61450\/revisions"}],"wp:featuredmedia":[{"embeddable":true,"href":"http:\/\/argentinamunicipal.com.ar\/argentina\/wp-json\/wp\/v2\/media\/61451"}],"wp:attachment":[{"href":"http:\/\/argentinamunicipal.com.ar\/argentina\/wp-json\/wp\/v2\/media?parent=61450"}],"wp:term":[{"taxonomy":"category","embeddable":true,"href":"http:\/\/argentinamunicipal.com.ar\/argentina\/wp-json\/wp\/v2\/categories?post=61450"},{"taxonomy":"post_tag","embeddable":true,"href":"http:\/\/argentinamunicipal.com.ar\/argentina\/wp-json\/wp\/v2\/tags?post=61450"}],"curies":[{"name":"wp","href":"https:\/\/api.w.org\/{rel}","templated":true}]}}