{"id":61454,"date":"2017-04-07T07:06:16","date_gmt":"2017-04-07T10:06:16","guid":{"rendered":"http:\/\/argentinamunicipal.com.ar\/argentina\/?p=61454"},"modified":"2017-04-07T07:06:16","modified_gmt":"2017-04-07T10:06:16","slug":"mayor-castigo-trabajadores-menores-ingresos","status":"publish","type":"post","link":"http:\/\/argentinamunicipal.com.ar\/argentina\/mayor-castigo-trabajadores-menores-ingresos\/","title":{"rendered":"Mayor castigo a trabajadores de menores ingresos"},"content":{"rendered":"<p>Los \u00edndices de precios de marzo de institutos acad\u00e9micos y consultoras privadas que han empezado a difundirse est\u00e1n bastante lejos de la proyecci\u00f3n oficial de inflaci\u00f3n. Se ubicaron por segundo mes consecutivo por arriba del 2 por ciento dejando en una inc\u00f3moda posici\u00f3n al gobierno que sigue con la pauta anual del 17\/18 por ciento. Esta es la estimaci\u00f3n que el Banco Central est\u00e1 empecinado en imponer en base al r\u00e9gimen de Metas de Inflaci\u00f3n con el objetivo de condicionar las paritarias. El Instituto Estad\u00edstico de los Trabajadores Citra-Umet midi\u00f3 una suba de precios del 2,1 por ciento, mientras que el Estudio Bein calcul\u00f3 2,3 por ciento. De ese modo, la tasa anualizada de inflaci\u00f3n se ubica de 27,9 a 33,6 por ciento.<\/p>\n<p>La inflaci\u00f3n del primer trimestre trep\u00f3 a poco m\u00e1s del 6 por ciento. El impacto del aumento de precios en los estratos m\u00e1s bajos de la pir\u00e1mide de ingresos de los trabajadores es todav\u00eda m\u00e1s intenso. El informe del IET indica que el promedio del primer trimestre de 2017 en comparaci\u00f3n con igual per\u00edodo del a\u00f1o anterior la inflaci\u00f3n del decil de menores ingresos fue de 31,2 puntos porcentuales contra el 25,8 del decil m\u00e1s alto. Esto se debi\u00f3 al tarifazo en los servicios p\u00fablicos (en marzo, el de la luz) que afect\u00f3 m\u00e1s a los trabajadores de menores ingresos.<\/p>\n<p>El rector de la UMET, Nicol\u00e1s Trotta, quien estuvo a cargo de la presentaci\u00f3n del informe de Inflaci\u00f3n de los Trabajadores explic\u00f3 que \u201clas cifras demuestran que la inflaci\u00f3n no se desacelera y sigue golpeando con m\u00e1s severidad a los sectores populares. Estos n\u00fameros entierran cualquier instancia de cumplimiento de la meta inflacionaria del Gobierno y reafirman la p\u00e9rdida de capacidad de compra del salario\u201d. La ca\u00edda promedio del salario real desde noviembre de 2015 alcanza a 6,3 por ciento.<\/p>\n<p>El dato que resalt\u00f3 el informe de marzo fue que las mayores subas se dieron en el \u00e1mbito de la educaci\u00f3n con 7,7 por ciento, impulsada por la estacionalidad de las nuevas cuotas de colegios privados. En el ranking de alzas de precios le siguieron \u201cIndumentaria y calzado\u201d con el aumento de 4,8 por ciento y \u201cVivienda y sus servicios\u201d, 4,5 por ciento.<\/p>\n<p>El relevamiento de precios minoristas del Estudio Bein registr\u00f3 una suba de 2,3 por ciento mensual, destacando que el dato de marzo se mantiene pr\u00e1cticamente en l\u00ednea con lo que mostraron los dos meses previos, y est\u00e1 explicado en una tercera parte por la correcci\u00f3n remanente en la factura el\u00e9ctrica. Se\u00f1ala que en la evoluci\u00f3n de precios impactaron las cuotas de la educaci\u00f3n formal e informal, habituales en el comienzo del a\u00f1o lectivo, la estacionalidad propia de la indumentaria y un repunte en los precios de los alimentos. Este rubro sensible de la canasta del hogar contabiliz\u00f3 un alza del 2 por ciento mensual, explicado en gran medida por el salto en el precio de las carnes y los panificados.<\/p>\n<h6>Fuente: P\u00e1gina 12<\/h6>\n","protected":false},"excerpt":{"rendered":"<p>Los \u00edndices de precios de marzo de institutos acad\u00e9micos y consultoras privadas que han empezado a difundirse est\u00e1n bastante lejos de la proyecci\u00f3n oficial de inflaci\u00f3n. <\/p>\n","protected":false},"author":2,"featured_media":61455,"comment_status":"closed","ping_status":"closed","sticky":false,"template":"","format":"standard","meta":{"footnotes":""},"categories":[8],"tags":[21],"class_list":["post-61454","post","type-post","status-publish","format-standard","has-post-thumbnail","hentry","category-informe-nacional","tag-argentina"],"_links":{"self":[{"href":"http:\/\/argentinamunicipal.com.ar\/argentina\/wp-json\/wp\/v2\/posts\/61454","targetHints":{"allow":["GET"]}}],"collection":[{"href":"http:\/\/argentinamunicipal.com.ar\/argentina\/wp-json\/wp\/v2\/posts"}],"about":[{"href":"http:\/\/argentinamunicipal.com.ar\/argentina\/wp-json\/wp\/v2\/types\/post"}],"author":[{"embeddable":true,"href":"http:\/\/argentinamunicipal.com.ar\/argentina\/wp-json\/wp\/v2\/users\/2"}],"replies":[{"embeddable":true,"href":"http:\/\/argentinamunicipal.com.ar\/argentina\/wp-json\/wp\/v2\/comments?post=61454"}],"version-history":[{"count":0,"href":"http:\/\/argentinamunicipal.com.ar\/argentina\/wp-json\/wp\/v2\/posts\/61454\/revisions"}],"wp:featuredmedia":[{"embeddable":true,"href":"http:\/\/argentinamunicipal.com.ar\/argentina\/wp-json\/wp\/v2\/media\/61455"}],"wp:attachment":[{"href":"http:\/\/argentinamunicipal.com.ar\/argentina\/wp-json\/wp\/v2\/media?parent=61454"}],"wp:term":[{"taxonomy":"category","embeddable":true,"href":"http:\/\/argentinamunicipal.com.ar\/argentina\/wp-json\/wp\/v2\/categories?post=61454"},{"taxonomy":"post_tag","embeddable":true,"href":"http:\/\/argentinamunicipal.com.ar\/argentina\/wp-json\/wp\/v2\/tags?post=61454"}],"curies":[{"name":"wp","href":"https:\/\/api.w.org\/{rel}","templated":true}]}}