{"id":61457,"date":"2017-04-07T06:13:05","date_gmt":"2017-04-07T09:13:05","guid":{"rendered":"http:\/\/argentinamunicipal.com.ar\/argentina\/?p=61457"},"modified":"2017-04-07T07:13:38","modified_gmt":"2017-04-07T10:13:38","slug":"la-ciudad-rosario-se-convirtio-la-capital-nacional-del-paro","status":"publish","type":"post","link":"http:\/\/argentinamunicipal.com.ar\/argentina\/la-ciudad-rosario-se-convirtio-la-capital-nacional-del-paro\/","title":{"rendered":"\u00abLa ciudad de Rosario se convirti\u00f3 en la capital nacional del paro\u00bb"},"content":{"rendered":"<p>As\u00ed lo resaltaron los dirigentes de los gremios que decidieron acompa\u00f1ar la protesta con una masiva marcha. Fue la mayor del pa\u00eds<\/p>\n<p>\u00abComo en los 90, Rosario es hoy la capital nacional del paro\u00bb. El secretario general del gremio de los docentes privados (Sadop) levant\u00f3 el grito de las 15 mil personas que en San Mart\u00edn y C\u00f3rdoba se sintieron ayer protagonistas de la mayor movilizaci\u00f3n realizada en el marco de la primera medida de fuerza nacional convocada por la Confederaci\u00f3n General del Trabajo (CGT) contra la pol\u00edtica econ\u00f3mica del gobierno de Cambiemos.<\/p>\n<p>La conducci\u00f3n nacional de la central obrera convoc\u00f3 a la huelga sin movilizaci\u00f3n, pero en Rosario los gremios nucleados en el Movimiento Sindical Rosarino (MSR) y la CTA de los Trabajadores (CTA-T) marcharon por el centro de la ciudad con una multitud que desemboc\u00f3 en la esquina de las peatonales. Bancarios, mercantiles, trabajadores de Luz y Fuerza, de prensa, del correo, judiciales, docentes p\u00fablicos y privados, aceiteros de San Lorenzo, empleados del peaje, movimientos sociales y organizaciones pol\u00edticas, entre otros, contribuyeron a ponerle vida a la jornada de protesta.<\/p>\n<p>En sus distintas modalidades, la medida fue contundente, y as\u00ed lo resalt\u00f3 Sonia Alesso, secretaria general de Amsaf\u00e9 provincial y de la Ctera, para quien \u00abeste parazo es una cachetada al plan de hambre que lleva adelante el gobierno\u00bb.<\/p>\n<p>La lucha salarial que enfrentan los docentes en la Naci\u00f3n y en las provincias, especialmente en Buenos Aires, fue rodeada de solidaridad. El secretario general del Sindicato de Prensa Rosario (SPR), Edgardo Carmona, denunci\u00f3 al ministro de Educaci\u00f3n, Esteban Bullrich, y a la gobernadora Mar\u00eda Eugenia Vidal, que \u00abintentan ser la vanguardia para arrodillar a los maestros, como lecci\u00f3n para el resto de los trabajadores\u00bb.<\/p>\n<p>Tocado por las masivas protestas de marzo y la convocatoria de la CGT al paro, el gobierno nacional sali\u00f3 a confrontar duro con las organizaciones sindicales. Acus\u00f3 a los manifestantes de mafiosos y destituyentes. Entusiasmado por la marcha oficialista del s\u00e1bado pasado, profundiz\u00f3 esa estrategia con campa\u00f1as en las redes sociales, presi\u00f3n sobre los piquetes y el impulso a un fuerte activismo patronal.<\/p>\n<p>El secretario general de la Asociaci\u00f3n Bancaria y del Movimiento Sindical Rosarino, Mat\u00edas Lay\u00fas, denunci\u00f3 las \u00abfuertes presiones de los bancos internacionales y las grandes cadenas de supermercados para obligar a trabajar a sus empleados\u00bb. Y opuso a \u00abla convocatoria individualista del yo no paro, la respuesta colectiva del nosotros: nosotros s\u00ed paramos y movilizamos\u00bb.<\/p>\n<p>El secretario de la CTA-T de la provincia Santa Fe, Paulo Juncos, subray\u00f3 que \u00abpese a la violenta presi\u00f3n de las patronales, el movimiento obrero se expres\u00f3 en paz\u00bb y declar\u00f3 que \u00abla mejor postal de este paro es esta movilizaci\u00f3n unitaria que gan\u00f3 las calles\u00bb.<\/p>\n<p>Mientras la multitud coreaba por la unidad de los trabajadores, Lucero, de Sadop, subi\u00f3 el tono: \u00abEste paro se construy\u00f3 desde abajo y esta movilizaci\u00f3n no fue convocada a las escondidas en las redes sociales, no es an\u00f3nima ni culposa, es una medida de los trabajadores y los gremialistas, que podemos salir a la calle sin sentir verg\u00fcenza\u00bb.<\/p>\n<p>Y sentenci\u00f3: \u00abS\u00f3lo quien no conoce la realidad puede pensar que las plazas se llenan con choripanes\u00bb.<\/p>\n<p>El secretario general de Luz y Fuerza, Alberto Botto, advirti\u00f3 que el plan econ\u00f3mico, al que equipar\u00f3 con los programas de la \u00faltima dictadura y el menemismo, \u00abest\u00e1 conduciendo al pa\u00eds a una crisis terminal como la de 2001\u00bb.<\/p>\n<p>\u00abSi no nos quieren en las calles, devuelvan el salario a los trabajadores, defiendan a la industria nacional y a sus trabajadores, respeten la paritaria docente y las de todos los trabajadores\u00bb, areng\u00f3.<\/p>\n<p>Carmona, de Prensa, record\u00f3 las cifras que informan sobre el aumento de la desocupaci\u00f3n y la pobreza desde que asumi\u00f3 Mauricio Macri. Mientras, \u00abel sector que bati\u00f3 r\u00e9cord de utilidades fue el financiero\u00bb. Un plan de ajuste sobre el que llam\u00f3 a no confundirse: \u00abSi tiene cuatro patas, bigote y ma\u00falla, es gato\u00bb, dispar\u00f3 c\u00f3mplice a la multitud que coreaba el hit opositor de estos d\u00edas.<\/p>\n<p>Lay\u00fas, de La Bancaria, acus\u00f3 a Macri de romper sus promesas electorales con la megadevaluaci\u00f3n, los tarifazos y el desempleo.<\/p>\n<p>Alesso subray\u00f3 que los docentes saben muy bien que en este tiempo aument\u00f3 la cantidad de chicos que asisten a los comedores escolares.<\/p>\n<p>Con este diagn\u00f3stico, el conjunto de gremios que se moviliz\u00f3 durante el paro de ayer en Rosario piensa en el paro como un escal\u00f3n. \u00abSi alguien crey\u00f3 que esta era una medida para desahogarse se equivoc\u00f3, este es el inicio de un plan de acci\u00f3n\u00bb, bram\u00f3 el jefe del MSR. La secretaria general de la Ctera complet\u00f3 la propueata: \u00abSi el ajuste no para, tiene que seguir la lucha\u00bb.<\/p>\n<h6>Fuetne: La Capital Rosario<\/h6>\n","protected":false},"excerpt":{"rendered":"<p>As\u00ed lo resaltaron los dirigentes de los gremios que decidieron acompa\u00f1ar la protesta con una masiva marcha. Fue la mayor del pa\u00eds<\/p>\n","protected":false},"author":2,"featured_media":61458,"comment_status":"closed","ping_status":"closed","sticky":false,"template":"","format":"standard","meta":{"footnotes":""},"categories":[4],"tags":[10],"class_list":["post-61457","post","type-post","status-publish","format-standard","has-post-thumbnail","hentry","category-informe-politico","tag-santa-fe"],"_links":{"self":[{"href":"http:\/\/argentinamunicipal.com.ar\/argentina\/wp-json\/wp\/v2\/posts\/61457","targetHints":{"allow":["GET"]}}],"collection":[{"href":"http:\/\/argentinamunicipal.com.ar\/argentina\/wp-json\/wp\/v2\/posts"}],"about":[{"href":"http:\/\/argentinamunicipal.com.ar\/argentina\/wp-json\/wp\/v2\/types\/post"}],"author":[{"embeddable":true,"href":"http:\/\/argentinamunicipal.com.ar\/argentina\/wp-json\/wp\/v2\/users\/2"}],"replies":[{"embeddable":true,"href":"http:\/\/argentinamunicipal.com.ar\/argentina\/wp-json\/wp\/v2\/comments?post=61457"}],"version-history":[{"count":0,"href":"http:\/\/argentinamunicipal.com.ar\/argentina\/wp-json\/wp\/v2\/posts\/61457\/revisions"}],"wp:featuredmedia":[{"embeddable":true,"href":"http:\/\/argentinamunicipal.com.ar\/argentina\/wp-json\/wp\/v2\/media\/61458"}],"wp:attachment":[{"href":"http:\/\/argentinamunicipal.com.ar\/argentina\/wp-json\/wp\/v2\/media?parent=61457"}],"wp:term":[{"taxonomy":"category","embeddable":true,"href":"http:\/\/argentinamunicipal.com.ar\/argentina\/wp-json\/wp\/v2\/categories?post=61457"},{"taxonomy":"post_tag","embeddable":true,"href":"http:\/\/argentinamunicipal.com.ar\/argentina\/wp-json\/wp\/v2\/tags?post=61457"}],"curies":[{"name":"wp","href":"https:\/\/api.w.org\/{rel}","templated":true}]}}