{"id":61484,"date":"2017-04-10T07:09:19","date_gmt":"2017-04-10T10:09:19","guid":{"rendered":"http:\/\/argentinamunicipal.com.ar\/argentina\/?p=61484"},"modified":"2017-04-10T07:09:19","modified_gmt":"2017-04-10T10:09:19","slug":"violenta-represion-los-docentes-nos-dijeron-la-orden-vino-presidencia","status":"publish","type":"post","link":"http:\/\/argentinamunicipal.com.ar\/argentina\/violenta-represion-los-docentes-nos-dijeron-la-orden-vino-presidencia\/","title":{"rendered":"Violenta represi\u00f3n a los docentes : \u201cNos dijeron que la orden vino de Presidencia\u201d"},"content":{"rendered":"<p>Los docentes fueron reprimidos cuando intentaban una modalidad que les permitiera mantener el reclamo salarial sin afectar las clases. Iban a dar charlas y cursos p\u00fablicos. El Gobierno de la Ciudad comunic\u00f3 que \u201chac\u00edan uso indebido del espacio p\u00fablico\u201d.<\/p>\n<p>La Ctera intent\u00f3 armar anoche una escuela itinerante frente al Congreso Nacional. A la manera de la Carpa Blanca, el gremio busc\u00f3 apelar as\u00ed a una medida de acci\u00f3n alternativa a los paros como modo de sostener el reclamo. En la plaza ubicada frente a las escalinatas del Congreso, los docentes llegaron a montar el armaz\u00f3n de la escuela cuando desde el gobierno se orden\u00f3 reprimirlos. Efectivos de la polic\u00eda federal, que desembarcaron en la plaza en varias combis, pertrechados con equipos antidisturbios, golpearon y tiraron gas pimienta contra los maestros \u2013que en su mayor\u00eda eran mujeres\u2013. Se llevaron tambi\u00e9n a cuatro detenidos.<\/p>\n<p>La semana pasada, el Juzgado de Primera Instancia del Trabajo N\u00b0 58, a cargo de Dora Eva Temis, orden\u00f3 al Ministerio de Trabajo convocar dentro de un plazo de cinco d\u00edas a la paritaria nacional docente, el principal reclamo de los gremios. En respuesta, el gobierno anunci\u00f3 que va a apelar el fallo, ratificando su decisi\u00f3n pol\u00edtica de eliminar la paritaria. Esta situaci\u00f3n, sumada a la reciente consulta en la que los maestros bonaerenses votaron en favor de impulsar medidas alternativas a las huelgas, hab\u00eda decidido a la Ctera a montar la carpa.<\/p>\n<p>\u201cAgotamos todos los caminos. Hay una Ley de Financiamiento Educativo que dice que el gobierno tiene que convocar a la paritaria. Hay adem\u00e1s un fallo judicial que le orden\u00f3 hacerlo, y que tambi\u00e9n el gobierno desconoce. Tenemos 18 provincias con conflictos abiertos por las paritarias docentes\u201d, se\u00f1al\u00f3 a P\u00e1gina\/ Sonia Alesso, la titular de Ctera, cuando todav\u00eda los efectivos de la polic\u00eda no hab\u00edan llegado para el desalojo y los docentes avanzaban con el armado de la estructura de la escuela itinerante.<\/p>\n<p>Lo hac\u00edan sin cortar la calle, en el mismo espacio p\u00fablico que ocup\u00f3, hace veinte a\u00f1os, la carpa blanca. El sindicato hab\u00eda informado a la Jefatura del gobierno porte\u00f1o que realizar\u00eda un acto en el lugar. Siguieron el tr\u00e1mite de rutina en estos casos: el viernes ingresaron un escrito para notificar a la administraci\u00f3n porte\u00f1a que este lunes har\u00edan un acto frente al Congreso. La idea era montar ayer la escuela itinerante, dejar en el lugar a una guardia de maestras e inaugurarla hoy, con una clase p\u00fablica.<\/p>\n<p>Para acompa\u00f1ar el armado de la carpa fueron a la plaza del Congreso los principales dirigentes de la Ctera, como Roberto Baradel -titular adem\u00e1s del Suteba, sindicato de los maestros bonaerenses- y Eduardo L\u00f3pez, de la Uni\u00f3n de Trabajadores de la Educaci\u00f3n, que agrupa a docentes porte\u00f1os. Tambi\u00e9n hab\u00edan ido a respaldar el armado de la escuela itinerante unos 500 maestros de los dos distritos. La represi\u00f3n, por supuesto, era una de la posibilidades abiertas; sobre todo despu\u00e9s del violento desalojo que sufrieron el jueves, d\u00eda de la huelga general de la CGT, los manifestantes del sindicalismo de izquierda que cortaron la Panamericana.<\/p>\n<p>La represi\u00f3n, en este caso, ni siquiera tuvo la excusa de un incidente como detonante. Primero mandaron a la plaza del Congreso a cuatro patrulleros de la comisar\u00eda sexta con la orden de frenar el armado de la carpa. Los docentes hicieron entonces un cord\u00f3n humano en torno a la estructura a medio construir.<\/p>\n<p>\u201cLuche, que se escuche\u201d, \u201cNo ca\u00edmos \/ no ca\u00edmos \/ a la escuela p\u00fablica nosotros la elegimos\u201d fueron algunos de los cantitos de respuesta a la polic\u00eda. Los maestros \u2013y eso fue muy claro para los que presenciaron el intento de armar la carpa, entre los que estuvo P\u00e1ginaI12\u2013 ten\u00edan una decisi\u00f3n n\u00edtida de no provocar nada que alentara la represi\u00f3n. Al hacer el cord\u00f3n humano, tuvieron incluso el cuidado de no interrumpir el tr\u00e1nsito.<\/p>\n<p>Pronto aparecieron en el lugar funcionarios del ministerio de Ambiente y Espacio P\u00fablico del gobierno porte\u00f1o. Como el armado de la estructura avanz\u00f3, rodeado del cord\u00f3n de maestros, mandaron a la polic\u00eda antimotines.<\/p>\n<p>En el desalojo, los efectivos cargaron en un cuerpo a cuerpo contra los maestros. Ocho de cada diez eran mujeres. Para romper el cord\u00f3n, la polic\u00eda les tir\u00f3 gas pimienta a la cara. Hubo tambi\u00e9n manifestantes golpeados. Muchos debieron ser auxiliados por sus compa\u00f1eros para poder alejarse del lugar, descompuestos por los efectos del gas.<\/p>\n<p>Tras la represi\u00f3n, el macrismo explic\u00f3 a su manera la actitud \u00a0 \u00a0 \u00a0 \u00a0 \u00a0 represiva. En un comunicado de prensa, el ministerio de Ambiente y Espacio p\u00fablico \u201cinform\u00f3\u201d que \u201cse evit\u00f3 el armado de una estructura en la Plaza del Congreso\u201d para el que \u201clos gremialistas\u201d no ten\u00edan \u201cning\u00fan tipo de permiso\u201d. \u201cPor consiguiente\u201d, sostuvo el parte oficial, \u201cse labraron actas de infracci\u00f3n por el uso indebido del espacio p\u00fablico\u201d. Finalmente el comunicado \u00a0agreg\u00f3, como si se tratara de una cuesti\u00f3n totalmente secundaria: \u201cTambi\u00e9n se hizo presente personal policial y se les sugiri\u00f3 (sic) el desarme\u201d.<\/p>\n<p>Los cuatro docentes detenidos son Miguel Acu\u00f1a, Juan Jos\u00e9 Mauro, Pablo Aschero y Carlos D\u00edaz. Anoche, dos permanec\u00edan arrestados en la comisar\u00eda 6 y otros dos en la comisar\u00eda que tiene la Polic\u00eda Metropolitana en Parque Patricios. Diputados de la Naci\u00f3n y legisladores de la Ciudad reclamaban en esas dependencias por su liberaci\u00f3n. Les iniciaron causas por resistencia a la autoridad y lesiones.<\/p>\n<p>Durante la jornada, el presidente Mauricio Macri hab\u00eda vuelto a criticar los paros docentes y reclamado a los dirigentes gremiales que busquen otros m\u00e9todos que no afectaran el dictado de las clases. \u201cLos paros se hacen desde hace diez a\u00f1os y ya se mostr\u00f3 que no sirven. Si hacemos las mismas cosas, no podemos pretender resultados distintos\u201d fue una de las frases del discurso presidencial (ver nota aparte).<\/p>\n<p>Para Roberto Baradel, una represi\u00f3n de este orden no se pudo hacer sin la venia de la Casa Rosada. \u201cNos dijeron que hubo una orden directa de la Presidencia de la Naci\u00f3n. La polic\u00eda nos agredi\u00f3, no hay ning\u00fan docente agrediendo a la polic\u00eda. Nos ped\u00edan que modific\u00e1ramos la protesta con una forma creativa y miren qu\u00e9 pasa.. Parece que ante cualquier palabra que al gobierno no le guste va a actuar con represi\u00f3n. Eso no es un gobierno democr\u00e1tico\u201d.<\/p>\n<p>Eduardo L\u00f3pez agreg\u00f3 que \u201clo que quiere el gobierno es que aceptemos una propuesta salarial a la baja y la desmembraci\u00f3n de la escuela p\u00fablica. Le exigimos que respeten el derecho a reclamar. No queremos modificar nada que no exista en la Argentina desde el retorno a la democracia, desde el 83 a esta parte\u201d.<\/p>\n<p>La Ctera llam\u00f3 para hoy a una asamblea de secretarios generales en la que definir\u00e1n de qu\u00e9 modo seguir\u00e1n con la protesta para reclamar el llamado a la paritaria nacional y la apertura de una discusi\u00f3n sobre el financiamiento educativo.<\/p>\n<h6>Fuente: P\u00e1gina 12<\/h6>\n","protected":false},"excerpt":{"rendered":"<p>Los docentes fueron reprimidos cuando intentaban una modalidad que les permitiera mantener el reclamo salarial sin afectar las clases. Iban a dar charlas y cursos p\u00fablicos. El Gobierno de la Ciudad comunic\u00f3 que \u201chac\u00edan uso indebido del espacio p\u00fablico\u201d.<\/p>\n","protected":false},"author":2,"featured_media":61485,"comment_status":"closed","ping_status":"closed","sticky":false,"template":"","format":"standard","meta":{"footnotes":""},"categories":[8],"tags":[21],"class_list":["post-61484","post","type-post","status-publish","format-standard","has-post-thumbnail","hentry","category-informe-nacional","tag-argentina"],"_links":{"self":[{"href":"http:\/\/argentinamunicipal.com.ar\/argentina\/wp-json\/wp\/v2\/posts\/61484","targetHints":{"allow":["GET"]}}],"collection":[{"href":"http:\/\/argentinamunicipal.com.ar\/argentina\/wp-json\/wp\/v2\/posts"}],"about":[{"href":"http:\/\/argentinamunicipal.com.ar\/argentina\/wp-json\/wp\/v2\/types\/post"}],"author":[{"embeddable":true,"href":"http:\/\/argentinamunicipal.com.ar\/argentina\/wp-json\/wp\/v2\/users\/2"}],"replies":[{"embeddable":true,"href":"http:\/\/argentinamunicipal.com.ar\/argentina\/wp-json\/wp\/v2\/comments?post=61484"}],"version-history":[{"count":0,"href":"http:\/\/argentinamunicipal.com.ar\/argentina\/wp-json\/wp\/v2\/posts\/61484\/revisions"}],"wp:featuredmedia":[{"embeddable":true,"href":"http:\/\/argentinamunicipal.com.ar\/argentina\/wp-json\/wp\/v2\/media\/61485"}],"wp:attachment":[{"href":"http:\/\/argentinamunicipal.com.ar\/argentina\/wp-json\/wp\/v2\/media?parent=61484"}],"wp:term":[{"taxonomy":"category","embeddable":true,"href":"http:\/\/argentinamunicipal.com.ar\/argentina\/wp-json\/wp\/v2\/categories?post=61484"},{"taxonomy":"post_tag","embeddable":true,"href":"http:\/\/argentinamunicipal.com.ar\/argentina\/wp-json\/wp\/v2\/tags?post=61484"}],"curies":[{"name":"wp","href":"https:\/\/api.w.org\/{rel}","templated":true}]}}