{"id":61487,"date":"2017-04-10T07:17:09","date_gmt":"2017-04-10T10:17:09","guid":{"rendered":"http:\/\/argentinamunicipal.com.ar\/argentina\/?p=61487"},"modified":"2017-04-10T07:17:09","modified_gmt":"2017-04-10T10:17:09","slug":"intendente-quilmes-promulgo-la-ley-vacantes-ex-combatientes-malvinas","status":"publish","type":"post","link":"http:\/\/argentinamunicipal.com.ar\/argentina\/intendente-quilmes-promulgo-la-ley-vacantes-ex-combatientes-malvinas\/","title":{"rendered":"El Intendente de Quilmes promulg\u00f3 la Ley de vacantes para ex combatientes de Malvinas"},"content":{"rendered":"<p>Luego de que se cumplieran 35 a\u00f1os de la guerra de Malvinas, el Intendente Martiniano Molina recibi\u00f3 al hijo de un veterano de Malvinas, quien a partir de la Ley 13.983, reemplazar\u00e1 a su padre jubilado.<\/p>\n<p>Molina recibi\u00f3 a Emmanuel Maximiliano Figueroa, quien a partir de la vacante producida por la jubilaci\u00f3n de su padre Omar Ernesto Figueroa, veterano de guerra de Malvinas, fue empleado en la Subsecretar\u00eda de Cultura y Educaci\u00f3n a partir de la Ley 13.983, que implica la cobertura de vacantes en la administraci\u00f3n p\u00fablica a familiares de combatientes.<\/p>\n<p>Adem\u00e1s, luego de firmar el decreto que designa a Emmanuel, el mandatario local agreg\u00f3; \u201cle debemos mucho a nuestros ex combatientes. Como Estado debemos estar presentes en cada uno de sus requerimientos, estamos respetando la Ley que prev\u00e9 la incorporaci\u00f3n de familiares de veteranos Malvinas a partir de la jubilaci\u00f3n o fallecimiento de los mismos\u201d.<\/p>\n<p>En la misma l\u00ednea, el secretario de Cultura y Educaci\u00f3n, Ariel Domene, manifest\u00f3; \u201cestamos muy contentos de poder incluir a la Secretar\u00eda a un gran profesional de la m\u00fasica, como es Emmanuel.\u00a0 Le damos la bienvenida\u00a0 al equipo de trabajo que d\u00eda a d\u00eda intenta generar una agenda cultural y educativa amplia y variada para todos los quilme\u00f1os\u201d.<\/p>\n<p>\u00bfQu\u00e9 plantea la Ley 13983?<\/p>\n<p>Seg\u00fan la Ley 13.559, \u201cpara el personal de la Administraci\u00f3n P\u00fablica Provincial del Poder Ejecutivo, y para los agentes que presten servicios en el Poder Legislativo y Poder Judicial, que acrediten la calidad de ex soldados conscriptos, suboficiales, oficiales en situaci\u00f3n de retiro o baja voluntaria y civiles de las Fuerzas Armadas y de Seguridad, que hayan actuado en las acciones b\u00e9licas desarrolladas entre el 2 de abril y el 14 de junio de 1982, en el denominado Teatro de Operaciones Malvinas (T.O.M.) o aquellos que hubieran entrado efectivamente en combate en el \u00e1rea del Teatro de Operaciones del Atl\u00e1ntico Sur (T.O.A.S.), que una vez acogidos al beneficio previsional, producida la vacante, \u00e9sta sea cubierta por un familiar directo y de id\u00e9ntica forma se proceder\u00e1 en caso de fallecer mientras se encuentre en actividad. No gozar\u00e1n del beneficio estatuido en el presente art\u00edculo los oficiales y suboficiales sancionados por actos de incumplimiento de sus deberes durante la guerra de Malvinas\u201d.<\/p>\n<h5>Fuente: InfoCielo<\/h5>\n","protected":false},"excerpt":{"rendered":"<p>Luego de que se cumplieran 35 a\u00f1os de la guerra de Malvinas, el Intendente Martiniano Molina recibi\u00f3 al hijo de un veterano de Malvinas, quien a partir de la Ley 13.983, reemplazar\u00e1 a su padre jubilado.<\/p>\n","protected":false},"author":2,"featured_media":61488,"comment_status":"closed","ping_status":"closed","sticky":false,"template":"","format":"standard","meta":{"footnotes":""},"categories":[2],"tags":[12],"class_list":["post-61487","post","type-post","status-publish","format-standard","has-post-thumbnail","hentry","category-informe-municipal","tag-buenos-aires"],"_links":{"self":[{"href":"http:\/\/argentinamunicipal.com.ar\/argentina\/wp-json\/wp\/v2\/posts\/61487","targetHints":{"allow":["GET"]}}],"collection":[{"href":"http:\/\/argentinamunicipal.com.ar\/argentina\/wp-json\/wp\/v2\/posts"}],"about":[{"href":"http:\/\/argentinamunicipal.com.ar\/argentina\/wp-json\/wp\/v2\/types\/post"}],"author":[{"embeddable":true,"href":"http:\/\/argentinamunicipal.com.ar\/argentina\/wp-json\/wp\/v2\/users\/2"}],"replies":[{"embeddable":true,"href":"http:\/\/argentinamunicipal.com.ar\/argentina\/wp-json\/wp\/v2\/comments?post=61487"}],"version-history":[{"count":0,"href":"http:\/\/argentinamunicipal.com.ar\/argentina\/wp-json\/wp\/v2\/posts\/61487\/revisions"}],"wp:featuredmedia":[{"embeddable":true,"href":"http:\/\/argentinamunicipal.com.ar\/argentina\/wp-json\/wp\/v2\/media\/61488"}],"wp:attachment":[{"href":"http:\/\/argentinamunicipal.com.ar\/argentina\/wp-json\/wp\/v2\/media?parent=61487"}],"wp:term":[{"taxonomy":"category","embeddable":true,"href":"http:\/\/argentinamunicipal.com.ar\/argentina\/wp-json\/wp\/v2\/categories?post=61487"},{"taxonomy":"post_tag","embeddable":true,"href":"http:\/\/argentinamunicipal.com.ar\/argentina\/wp-json\/wp\/v2\/tags?post=61487"}],"curies":[{"name":"wp","href":"https:\/\/api.w.org\/{rel}","templated":true}]}}