{"id":61493,"date":"2017-04-10T06:24:55","date_gmt":"2017-04-10T09:24:55","guid":{"rendered":"http:\/\/argentinamunicipal.com.ar\/argentina\/?p=61493"},"modified":"2017-04-10T07:27:36","modified_gmt":"2017-04-10T10:27:36","slug":"chubut-supermercado-la-familia-marcos-pena-remarco-precios-medio-la-tragedia","status":"publish","type":"post","link":"http:\/\/argentinamunicipal.com.ar\/argentina\/chubut-supermercado-la-familia-marcos-pena-remarco-precios-medio-la-tragedia\/","title":{"rendered":"Chubut: el supermercado de la familia de Marcos Pe\u00f1a remarc\u00f3 precios en medio de la tragedia"},"content":{"rendered":"<p>La An\u00f3nima, propiedad del padre del Secretario de Comercio Miguel Braun, miembros de la familia del jefe de Gabinete, aument\u00f3 los productos de primera necesidad en Comodoro Rivadavia mientras se sufren las consecuencias del temporal.<\/p>\n<p>Muertos, evacuados y gran cantidad de p\u00e9rdidas materiales son, hasta el momento, el saldo del temporal que castiga a la ciudad de Comodoro Rivadavia, la m\u00e1s poblada dentro del territorio chubutense.<\/p>\n<p>En medio de esa situaci\u00f3n, caratulada como \u00abcatastr\u00f3fica\u00bb, la cadena de supermercados La An\u00f3nima remarc\u00f3 hasta un 100 por ciento distintos productos b\u00e1sicos que son especialmente necesarios en los barrios anegados por el agua y el barro.<\/p>\n<p>As\u00ed lo denunciaron tanto el sindicato de Camioneros local, que realiz\u00f3 un escrache en uno de los locales para protestar, como el propio gobiernador Mario Das Neves. \u00abFue en la del Barrio 1008, donde el agua subi\u00f3 un metro y medio\u00bb, puntualiz\u00f3 el mandatario provincial.<\/p>\n<p>Entre las calles que se inundaron, el barro y la p\u00e9rdida de muchas viviendas, Das Neves denunci\u00f3 a la empresa de los Braun por la repentina subida de precios en los elementos b\u00e1sicos. \u00abLa gente no es tonta, ve eso y le indigna\u00bb, afirm\u00f3.<\/p>\n<p>La An\u00f3nima tiene 160 sucursales en todo el pa\u00eds y es propiedad de Federico Braun, t\u00edo de Miguel Braun, el secretario de Comercio de la Naci\u00f3n, y familiar de Marcos Pe\u00f1a Braun,\u00a0La familia del jefe de Gabinete tiene nada menos que 18 integrantes ocupando cargos de primera l\u00ednea en el gobierno.<\/p>\n<h6>Fuente: InfoNews<\/h6>\n","protected":false},"excerpt":{"rendered":"<p>La An\u00f3nima, propiedad del padre del Secretario de Comercio Miguel Braun, miembros de la familia del jefe de Gabinete, aument\u00f3 los productos de primera necesidad en Comodoro Rivadavia mientras se sufren las consecuencias del temporal.<\/p>\n","protected":false},"author":2,"featured_media":61494,"comment_status":"closed","ping_status":"closed","sticky":false,"template":"","format":"standard","meta":{"footnotes":""},"categories":[65],"tags":[14],"class_list":["post-61493","post","type-post","status-publish","format-standard","has-post-thumbnail","hentry","category-provincias","tag-chubut"],"_links":{"self":[{"href":"http:\/\/argentinamunicipal.com.ar\/argentina\/wp-json\/wp\/v2\/posts\/61493","targetHints":{"allow":["GET"]}}],"collection":[{"href":"http:\/\/argentinamunicipal.com.ar\/argentina\/wp-json\/wp\/v2\/posts"}],"about":[{"href":"http:\/\/argentinamunicipal.com.ar\/argentina\/wp-json\/wp\/v2\/types\/post"}],"author":[{"embeddable":true,"href":"http:\/\/argentinamunicipal.com.ar\/argentina\/wp-json\/wp\/v2\/users\/2"}],"replies":[{"embeddable":true,"href":"http:\/\/argentinamunicipal.com.ar\/argentina\/wp-json\/wp\/v2\/comments?post=61493"}],"version-history":[{"count":0,"href":"http:\/\/argentinamunicipal.com.ar\/argentina\/wp-json\/wp\/v2\/posts\/61493\/revisions"}],"wp:featuredmedia":[{"embeddable":true,"href":"http:\/\/argentinamunicipal.com.ar\/argentina\/wp-json\/wp\/v2\/media\/61494"}],"wp:attachment":[{"href":"http:\/\/argentinamunicipal.com.ar\/argentina\/wp-json\/wp\/v2\/media?parent=61493"}],"wp:term":[{"taxonomy":"category","embeddable":true,"href":"http:\/\/argentinamunicipal.com.ar\/argentina\/wp-json\/wp\/v2\/categories?post=61493"},{"taxonomy":"post_tag","embeddable":true,"href":"http:\/\/argentinamunicipal.com.ar\/argentina\/wp-json\/wp\/v2\/tags?post=61493"}],"curies":[{"name":"wp","href":"https:\/\/api.w.org\/{rel}","templated":true}]}}