{"id":61496,"date":"2017-04-10T07:37:17","date_gmt":"2017-04-10T10:37:17","guid":{"rendered":"http:\/\/argentinamunicipal.com.ar\/argentina\/?p=61496"},"modified":"2017-04-10T07:37:17","modified_gmt":"2017-04-10T10:37:17","slug":"la-profundizacion-del-odio","status":"publish","type":"post","link":"http:\/\/argentinamunicipal.com.ar\/argentina\/la-profundizacion-del-odio\/","title":{"rendered":"La profundizaci\u00f3n del odio"},"content":{"rendered":"<p>Por Eduardo Aliverti<br \/>\nEn la frase \u201cQu\u00e9 bueno es estar hoy ac\u00e1, trabajando\u201d, pronunciada por Macri el jueves del paro, delante de empresarios y banqueros en la inauguraci\u00f3n del Foro Econ\u00f3mico Mundial para Am\u00e9rica Latina, se sintetizan varios aspectos de la escena pol\u00edtica. M\u00e1s todav\u00eda cuando se la completa con su afirmaci\u00f3n, en el mismo \u00e1mbito, de que pueden llevarse cuando quieran la plata que vayan a traer. Pero hay un rasgo en particular que merece ser resaltado, aunque no suponga novedad alguna, porque es el que ratifica c\u00f3mo el Gobierno marca la cancha frente a las elecciones y de qu\u00e9 manera quedan desafiados sus oponentes.<\/p>\n<p>La provocaci\u00f3n presidencial fue articulada con la inmediatamente previa al paro, cuando el mismo Macri declar\u00f3 a una agencia de noticias estadounidense que \u201cno hay plan B\u201d del programa econ\u00f3mico en curso. Seg\u00fan se sabe y m\u00e1s all\u00e1 de la circunstancia del paro, ambas bravatas fueron estimuladas por el envalentonamiento oficial tras las manifestaciones de apoyo del 1 de este mes. Ni la cantidad de gente ni la participaci\u00f3n cualitativa de esas marchas revelaron una adhesi\u00f3n robustecida al Gobierno. Fueron una expresi\u00f3n de antiperonismo visceral que no es ninguna noticia respecto del n\u00facleo duro que vot\u00f3 a Cambiemos; y del mismo modo puede decirse que la aplastante superioridad num\u00e9rica de la oposici\u00f3n, durante las protestas de marzo, no refleja otra cosa que una suma enfervorizada de minor\u00edas intensas a la b\u00fasqueda de liderazgo. Pero esto \u00faltimo es un problema de construcci\u00f3n pol\u00edtica de kirchneristas, peronistas y aliados o simpatizantes en general del modelo que rigi\u00f3 hasta 2015. El del Gobierno, para el caso, es creerse que unas franjas promedio de cincuent\u00edn-sesentones de clase media mayormente acomodada, suficientes para la imagen de la Plaza de Mayo no a bote pero s\u00ed concurrida, sin sectores populares ni j\u00f3venes, alcanza para sacar pecho y continuar provocando. Los medios oficialistas cayeron la misma deducci\u00f3n y arremeten en perfecta sinton\u00eda con la ret\u00f3rica del chorip\u00e1n, la holgazaner\u00eda de quienes no entienden el cambio, los sindicalistas enriquecidos, lo que el paro le cost\u00f3 al pa\u00eds, los ciudadanos que quer\u00edan ir a trabajar y no pudieron. Esa arrogancia es producto aumentado gracias a que las marchas del s\u00e1bado anterior, convocadas por los trollcenters del Pro, estuvieron lejos de ser el papel\u00f3n que tem\u00edan. El Gobierno zaf\u00f3 bien, con la ayuda imprescindible de su cadena medi\u00e1tica privada. Pero puede arriesgarse una ucron\u00eda. Si las manifestaciones de apoyo hubiesen sido escu\u00e1lidas, como en verdad lo fueron con excepci\u00f3n del centro de Buenos Aires, no habr\u00eda cambiado la percepci\u00f3n oficial acerca de obligarse a un discurso profundamente gorila, pendenciero. \u00bfPor qu\u00e9? Porque el Gobierno no tiene m\u00e1s recurso que confiar en que, pase lo que pase y se hunda lo que se hunda, el desastre de su gesti\u00f3n -en t\u00e9rminos de necesidades populares- sobrevivir\u00e1 gracias al deseo de no volver a la yegua. Y ni hablar si alguna m\u00ednima recuperaci\u00f3n de la econom\u00eda aproxima alg\u00fan indicador a, justamente, los tiempos en que gobernaban ella y \u00e9l. En caso contrario inventan o potencian toda imaginer\u00eda de brote verde, tal como hacen a diario. Un poco de ese disfraz por ac\u00e1, ayudado porque justo antes de las primarias llegar\u00e1n medio aguinaldo, efecto paritarias y de algo de obra p\u00fablica; otro poco de la dispersi\u00f3n o luchas intestinas del peronismo por all\u00e1, y qui\u00e9n dice que el \u201cmilagro\u201d no se consumar\u00e1. Se puede discutir si les saldr\u00e1 bien, mal o m\u00e1s o menos. Lo indiscutible es que el Gobierno no dispone de otra estratagema porque, en primer\u00edsimo lugar, no tiene forma ni, mucho menos, vocaci\u00f3n de dar marcha atr\u00e1s frente a los intereses que representa.<\/p>\n<p>A la pregunta de si hay plan B para la econom\u00eda, y si hubiera deseado lanzar un centro aunque m\u00e1s no fuere para sorprender a la defensa a contrapierna, Macri podr\u00eda haber respondido que las convicciones est\u00e1n firmes; que cree como siempre en la mano del mercado y de favorecer las condiciones de inversi\u00f3n, pero tambi\u00e9n en un Estado fuerte capaz de enfrentar distorsiones y problemas sectoriales; que respetar\u00e1 el cambio votado por una estrecha mayor\u00eda pero mayor\u00eda al fin, y que eso no significar\u00e1 jam\u00e1s olvidarse de que gobierna para todos los argentinos y no solamente para los ricos. Alguien podr\u00e1 objetar que sus terribles dificultades formativas y de oratoria lo inhabilitan para, siquiera, enhebrar oraciones tan simples como \u00e9sas. Pero ser\u00eda una chicana, no una lectura pol\u00edtica. No respondi\u00f3 eso, ni aun por demagogia de manual, no porque le cueste sujeto-verbo-predicado, sino porque previo a la sintaxis est\u00e1 su raz\u00f3n ideol\u00f3gico-pol\u00edtica. Y entonces contest\u00f3 lo que contest\u00f3. Que no hay m\u00e1s que esto, que significa proseguir con el festival de endeudamiento externo porque es la \u00fanica manera de retornar al mundo; que no gobierna para una minor\u00eda, pero que sin esa minor\u00eda de hombres de negociados no hay salida posible; que justo a \u00e9l, cuyos or\u00edgenes corporativos son los de tejer componendas con el Estado y con la burocracia sindical, no vendr\u00e1n a apretarlo con paros domingueros. Est\u00e1 bien lo que hace. Nunca lo amar\u00e1n. Ni siquiera los propios. Pero al menos intenta que le teman, o dar sensaci\u00f3n de figura categ\u00f3rica. En la inauguraci\u00f3n del \u201cDavosito\u201d, diminutivo de la ciudad suiza donde todos los a\u00f1os se nuclea el antro ideol\u00f3gico de la corrupci\u00f3n mundial y que despu\u00e9s hace tour por sat\u00e9lites regionales, Macri podr\u00eda haber evitado el \u201cqu\u00e9 bueno es estar ac\u00e1 trabajando\u201d cuando hab\u00eda un paro general. Podr\u00eda haber agradecido que \u00e9sos, sus socios de modelo y, digamos, algo m\u00e1s tambi\u00e9n, estuvieran ah\u00ed en momentos dif\u00edciles, de conflicto social, de crispaci\u00f3n, de parto complicado para asentar el programa de mejor cr\u00eda y reparto de la riqueza. No. Tuvo que decir que ac\u00e1, en este foro, en medio del glamour de la gente como uno, se est\u00e1 trabajando mientras afuera andan de picnic sindical. Siguiendo para atr\u00e1s, al cabo de las manifestaciones de apoyo del s\u00e1bado podr\u00eda haberse guardado o filmarse diciendo, simplemente, gracias. Gracias a todos. Los tengo en cuenta, a ustedes que hoy salieron a la calle para apoyarme y a los que ven\u00edan haci\u00e9ndolo porque no est\u00e1n para nada de acuerdo con lo que hacemos. No. Tuvo que hablar de lo lindo que es sentirse fortalecido por argentinos que no se dejan arrastrar como ganado, y no como otros a los que les basta el chorip\u00e1n para salir a la calle. \u00bfHac\u00eda falta? S\u00ed, le hace falta. Es, por un lado, una reacci\u00f3n de clase. Pero, sobre todo, es una necesidad de afirmarse en lo discursivo con la presunci\u00f3n de que \u201cla gente\u201d proseguir\u00e1 creyendo en lo que no ve ni registra, o en lo que quiere creer. Si no fuese as\u00ed corre peligro de ser considerado un h\u00edbrido sin fortaleza conductiva, un De la R\u00faa, un mero hijo de Franco, de lo cual ya vienen sospech\u00e1ndolo y hasta acusando en la prensa adicta. Y en los c\u00edrculos del c\u00edrculo rojo que hablan en voz baja, pero que no se privan de correrlo por derecha.<\/p>\n<p>En el mismo sentido, Macri podr\u00eda descansar en el trabajo sucio que le monta el periodismo amigo. Podr\u00eda abrirse del simbolismo con el que machaca a cada rato aquella cadena de medios privada, sobre-elev\u00e1ndose como jefe de Estado conciliador. C\u00ednico, incluso. Cualquier l\u00edder apela a recursos de tal tipo. Esos medios ya priorizaron, como toda interpretaci\u00f3n del paro, que en una estaci\u00f3n de servicio de Lomas de Zamora patotearon a los due\u00f1os para que no expendan combustible. Esos medios ya se concentraron en que \u00a0pr\u00e1cticamente lo \u00fanico trascendental, junto con lo anterior, fue un corte en la Panamericana de un grupo partidario de lo que se delectan en llamar izquierda, al que por fin se gase\u00f3 y ech\u00f3 agua desde un hidrante, para liberar la v\u00eda con la ministro Bullrich fotografiada en el comando operativo cual si se tratara de la jefa del Pent\u00e1gono ordenando bombardear Siria. Macri ya dispone de esa edificaci\u00f3n narrativa que satisface al gorilaje espeso. Pero no. No alcanza. Como si fuera poco, lo apura a Rodr\u00edguez Larreta para que se acerque ejecutar iguales procedimientos en Corrientes y Callao, la 9 de Julio y adyacencias. \u00a0Es la t\u00e1ctica. A estrategia no llega, porque implicar\u00eda mirada de largo plazo. Se trata de comprenderla. Alojar desde las tribunas oficiales y medi\u00e1ticas un discurso racista, de una Argentina blanca que solicita reprimir, termina en la denigraci\u00f3n. En cacer\u00edas judiciales. O en una violencia institucional que deja esposada a una piba de 16 a\u00f1os en la isla Maciel, a la orden policial bonaerense de \u201cnegrita villera, dej\u00e1 de gritar\u201d. Es un clima de apriete habilitado desde arriba, en lo simb\u00f3lico de a qui\u00e9nes plantan como enemigo y en lo concreto de qui\u00e9nes son los beneficiados por su modelo. El arco de unidad que se requiere para enfrentar esa alianza conceptual es enorme.<\/p>\n<p>Van por el odio, cada vez m\u00e1s intensificado y como toda la vida.<\/p>\n<h6>Fuente: P\u00e1gina 12<\/h6>\n","protected":false},"excerpt":{"rendered":"<p>En la frase \u201cQu\u00e9 bueno es estar hoy ac\u00e1, trabajando\u201d, pronunciada por Macri el jueves del paro, delante de empresarios y banqueros en la inauguraci\u00f3n del Foro Econ\u00f3mico Mundial para Am\u00e9rica Latina, se sintetizan varios aspectos de la escena pol\u00edtica.<\/p>\n","protected":false},"author":2,"featured_media":61497,"comment_status":"closed","ping_status":"closed","sticky":false,"template":"","format":"standard","meta":{"footnotes":""},"categories":[6],"tags":[21],"class_list":["post-61496","post","type-post","status-publish","format-standard","has-post-thumbnail","hentry","category-opiniones","tag-argentina"],"_links":{"self":[{"href":"http:\/\/argentinamunicipal.com.ar\/argentina\/wp-json\/wp\/v2\/posts\/61496","targetHints":{"allow":["GET"]}}],"collection":[{"href":"http:\/\/argentinamunicipal.com.ar\/argentina\/wp-json\/wp\/v2\/posts"}],"about":[{"href":"http:\/\/argentinamunicipal.com.ar\/argentina\/wp-json\/wp\/v2\/types\/post"}],"author":[{"embeddable":true,"href":"http:\/\/argentinamunicipal.com.ar\/argentina\/wp-json\/wp\/v2\/users\/2"}],"replies":[{"embeddable":true,"href":"http:\/\/argentinamunicipal.com.ar\/argentina\/wp-json\/wp\/v2\/comments?post=61496"}],"version-history":[{"count":0,"href":"http:\/\/argentinamunicipal.com.ar\/argentina\/wp-json\/wp\/v2\/posts\/61496\/revisions"}],"wp:featuredmedia":[{"embeddable":true,"href":"http:\/\/argentinamunicipal.com.ar\/argentina\/wp-json\/wp\/v2\/media\/61497"}],"wp:attachment":[{"href":"http:\/\/argentinamunicipal.com.ar\/argentina\/wp-json\/wp\/v2\/media?parent=61496"}],"wp:term":[{"taxonomy":"category","embeddable":true,"href":"http:\/\/argentinamunicipal.com.ar\/argentina\/wp-json\/wp\/v2\/categories?post=61496"},{"taxonomy":"post_tag","embeddable":true,"href":"http:\/\/argentinamunicipal.com.ar\/argentina\/wp-json\/wp\/v2\/tags?post=61496"}],"curies":[{"name":"wp","href":"https:\/\/api.w.org\/{rel}","templated":true}]}}