{"id":61502,"date":"2017-04-10T05:44:23","date_gmt":"2017-04-10T08:44:23","guid":{"rendered":"http:\/\/argentinamunicipal.com.ar\/argentina\/?p=61502"},"modified":"2017-04-10T07:45:57","modified_gmt":"2017-04-10T10:45:57","slug":"remodelaran-la-peatonal-las-plazas-alvear-1-mayo-parana","status":"publish","type":"post","link":"http:\/\/argentinamunicipal.com.ar\/argentina\/remodelaran-la-peatonal-las-plazas-alvear-1-mayo-parana\/","title":{"rendered":"Remodelar\u00e1n la Peatonal y las plazas Alvear y 1 de Mayo de Paran\u00e1"},"content":{"rendered":"<p>El proyecto es renovar el piso, las luminarias y el mobiliario de la zona central de la ciudad. Tambi\u00e9n se trabajar\u00e1 sobre la accesibilidad y la infraestructura subterr\u00e1nea.<\/p>\n<p>La remodelaci\u00f3n f\u00edsica de la peatonal San Mart\u00edn se plantea como la primera etapa de un circuito que buscar\u00e1 dar prioridad a los peatones a trav\u00e9s de la vinculaci\u00f3n de siete plazas de la ciudad: 1 de Mayo, Alvear, Carb\u00f3, Mansilla, Sarmiento, Petit Pissant y de las Naciones. \u201cEl ciudadano tiene que poder ir del Parque al centro en forma peatonal y segura, con todo el equipamiento urbano necesario para poder circular sin problemas. En una parte, tambi\u00e9n se establecer\u00e1 una bici senda. El recorrido se extiende por casi tres kil\u00f3metros y comprende la Peatonal, el centro c\u00edvico y comercial, los museos y Alameda de la Federaci\u00f3n hasta la parte alta y baja del Parque\u201d explic\u00f3 a EL DIARIO el subsecretario de Planeamiento de la Municipalidad, Adri\u00e1n Bassi.<\/p>\n<p>El redise\u00f1o del primer espacio urbano a intervenir incluye nuevos pisos, iluminaci\u00f3n con led, bancos, techos para sombra, redes subterr\u00e1neas para las conexiones de los servicios, juegos de agua, elementos de se\u00f1alizaci\u00f3n, accesibilidad para personas con discapacidad, m\u00f3dulos para kioscos de revista, regionales y venta de flores; y dos bloques para sanitarios p\u00fablicos (uno en calle Venezuela y otro en el tramo entre La Paz y Col\u00f3n).<\/p>\n<p>Tambi\u00e9n se instalar\u00e1n en las veredas placas de granito de tres tipos. En unas se apreciar\u00e1 el aporte de artistas paranaenses y entrerrianos; con otras se se\u00f1alar\u00e1n edificios y hechos destacados; y unas terceras indicar\u00e1n los monumentos nacionales. \u201cEsto estar\u00e1 ubicado en la misma Peatonal y luego se extender\u00e1 por el recorrido de las siete plazas\u201d, se\u00f1al\u00f3 Bassi y agreg\u00f3 que \u201cestableceremos ese agregado cultural e hist\u00f3rico para que haya una referencia cierta para los chicos de las escuelas, los turistas y para que cualquier ciudadano pueda apreciar la importancia de cada edificio, lugar o hecho\u201d.<\/p>\n<p>El presupuesto estimado para la intervenci\u00f3n en el sector se\u00f1alado y la construcci\u00f3n de una nueva semipeatonal en Per\u00fa y Alem ronda los 70 millones de pesos, aseguraron desde el Municipio.<\/p>\n<p>ENFOQUE. Bassi subray\u00f3 el \u201cvalor agregado\u201d a la obra. \u201cNo es solo cambiar los materiales y establecer nuevo equipamiento sino establecer que nuestra cultura, historia e identidad tambi\u00e9n aparezcan en este recorrido. Que se pueda aprender recorriendo el circuito. Que se puedan tener en cuenta los valores locales. Por ejemplo, los juegos de agua tienen que ver con nuestra cercan\u00eda con el r\u00edo\u201d, dijo.<\/p>\n<p>Destac\u00f3 que \u201cva a cambiar bastante la imagen pero a mi me entusiasma mucho m\u00e1s pensar que se va a poder recorrer sin desniveles, se va a ampliar el espacio de vereda y a establecer lugares adicionales para que la gente se re\u00fana. El aspecto social me parece tan importante como lo visual\u201d.<\/p>\n<p>Peatonalizaci\u00f3n<br \/>\nEl proyecto se inscribe en un programa de \u201cpeatonalizaci\u00f3n\u201d que se busca impulsar en la ciudad. \u201cEsto no significa sacar al autom\u00f3vil sino empezar a establecer la prioridad para el peat\u00f3n. Con la crisis de centralidad que tiene Paran\u00e1, el centro urbano e hist\u00f3rico se est\u00e1 autodestruyendo. El espacio que necesita el auto termina demoliendo el patrimonio y avanza sobre el espacio p\u00fablico. Por eso hay que establecer la peatonalizaci\u00f3n y descentralizaci\u00f3n que ya es una decisi\u00f3n tomada a nivel pol\u00edtico\u201d dijo Bassi.<\/p>\n<p>Anuncio<br \/>\nSeg\u00fan lo consignado por Bassi, se conocer\u00e1n m\u00e1s detalles de la obra el mi\u00e9rcoles 12 de abril. Ese d\u00eda, el intendente Sergio Varisco realizar\u00e1 el anuncio oficial del proyecto en el Centro Comercial.<br \/>\nPor otra parte, seg\u00fan calcul\u00f3 el responsable del \u00e1rea de Planeamiento de Paran\u00e1, el llamado a licitaci\u00f3n se producir\u00e1 dentro de 30 o 45 d\u00edas. El plazo de la obra ser\u00e1 de ocho o diez meses. \u201cEs una obra muy importante y compleja. Tanto por la infraestructura de ca\u00f1er\u00edas y redes nuevas como por la afluencia de gente y del tr\u00e1nsito que hay en el lugar. El trabajo de la empresa va a tener que ser muy preciso y respetar los tiempos. Es una zona muy sensible de la ciudad\u201d evalu\u00f3.<\/p>\n<p>Museos<br \/>\nEst\u00e1 previsto que al paseo entre las siete plazas se a\u00f1ada un circuito de los museos locales y provinciales. Este proyecto es llevado adelante en coordinaci\u00f3n entre el Municipio y el gobierno de Entre R\u00edos.<br \/>\nAdem\u00e1s se proyecta enlazar los monumentos nacionales como la Catedral, el Senado de la Confederaci\u00f3n, la Escuela Normal, la Casa Gris, la Escuela Del Centenario, se\u00f1al\u00f3. Esto se tiene previsto establecer marcas con explicaciones y placas en el piso con descripciones de la memoria urbana.<\/p>\n<h6>Fuente: El Diario<\/h6>\n","protected":false},"excerpt":{"rendered":"<p>El proyecto es renovar el piso, las luminarias y el mobiliario de la zona central de la ciudad. Tambi\u00e9n se trabajar\u00e1 sobre la accesibilidad y la infraestructura subterr\u00e1nea.<\/p>\n","protected":false},"author":2,"featured_media":61503,"comment_status":"closed","ping_status":"closed","sticky":false,"template":"","format":"standard","meta":{"footnotes":""},"categories":[2],"tags":[17],"class_list":["post-61502","post","type-post","status-publish","format-standard","has-post-thumbnail","hentry","category-informe-municipal","tag-entre-rios"],"_links":{"self":[{"href":"http:\/\/argentinamunicipal.com.ar\/argentina\/wp-json\/wp\/v2\/posts\/61502","targetHints":{"allow":["GET"]}}],"collection":[{"href":"http:\/\/argentinamunicipal.com.ar\/argentina\/wp-json\/wp\/v2\/posts"}],"about":[{"href":"http:\/\/argentinamunicipal.com.ar\/argentina\/wp-json\/wp\/v2\/types\/post"}],"author":[{"embeddable":true,"href":"http:\/\/argentinamunicipal.com.ar\/argentina\/wp-json\/wp\/v2\/users\/2"}],"replies":[{"embeddable":true,"href":"http:\/\/argentinamunicipal.com.ar\/argentina\/wp-json\/wp\/v2\/comments?post=61502"}],"version-history":[{"count":0,"href":"http:\/\/argentinamunicipal.com.ar\/argentina\/wp-json\/wp\/v2\/posts\/61502\/revisions"}],"wp:featuredmedia":[{"embeddable":true,"href":"http:\/\/argentinamunicipal.com.ar\/argentina\/wp-json\/wp\/v2\/media\/61503"}],"wp:attachment":[{"href":"http:\/\/argentinamunicipal.com.ar\/argentina\/wp-json\/wp\/v2\/media?parent=61502"}],"wp:term":[{"taxonomy":"category","embeddable":true,"href":"http:\/\/argentinamunicipal.com.ar\/argentina\/wp-json\/wp\/v2\/categories?post=61502"},{"taxonomy":"post_tag","embeddable":true,"href":"http:\/\/argentinamunicipal.com.ar\/argentina\/wp-json\/wp\/v2\/tags?post=61502"}],"curies":[{"name":"wp","href":"https:\/\/api.w.org\/{rel}","templated":true}]}}