{"id":61523,"date":"2017-04-10T08:07:01","date_gmt":"2017-04-10T11:07:01","guid":{"rendered":"http:\/\/argentinamunicipal.com.ar\/argentina\/?p=61523"},"modified":"2017-04-10T08:07:01","modified_gmt":"2017-04-10T11:07:01","slug":"fuerte-caida-la-fabricacion-electronicos","status":"publish","type":"post","link":"http:\/\/argentinamunicipal.com.ar\/argentina\/fuerte-caida-la-fabricacion-electronicos\/","title":{"rendered":"Fuerte ca\u00edda en la fabricaci\u00f3n de electr\u00f3nicos"},"content":{"rendered":"<p>Las cifras de Afarte dan cuenta del impacto combinado del retroceso del consumo y el incremento de las importaciones. El Gobierno agudiz\u00f3 a\u00fan m\u00e1s el derrumbe con la implementaci\u00f3n fallida del programa Precios Transparentes, que ahora revirti\u00f3 parcialmente.<\/p>\n<p>El relato oficial acerca de la recuperaci\u00f3n econ\u00f3mica que habr\u00eda comenzado lenta pero segura con el inicio del 2017 se topa con obst\u00e1culos a diario. A los datos generales sobre producci\u00f3n industrial y la construcci\u00f3n, que registraron en febrero ca\u00eddas de 6 y 3,4 por ciento, respectivamente, se suman nuevos n\u00fameros a los que tuvo acceso este diario y que dan cuenta del impacto de la baja del consumo y las importaciones. Seg\u00fan datos de Afarte, la c\u00e1mara que agrupa a las empresas radicadas en Tierra del Fuego, la producci\u00f3n de televisores en el primer bimestre es un 27 por ciento m\u00e1s baja que en el mismo per\u00edodo de 2016, mientras que la baja llega al 53 por ciento en aires acondicionados y al 40 por ciento en tel\u00e9fonos celulares. El Gobierno de alg\u00fan modo tom\u00f3 nota de la situaci\u00f3n y dio marcha atr\u00e1s con Precios Transparentes, renov\u00f3 Ahora 12 y Ahora 18 y lanz\u00f3 Ahora 3 y Ahora 6 para calzado y ropa.<\/p>\n<p>El propio Indec difundi\u00f3 d\u00edas atr\u00e1s un informe en el cual detalla que la actividad manufacturera cay\u00f3 un 6 por ciento en febrero en relaci\u00f3n al mismo mes del a\u00f1o pasado y en el primer bimestre acumula una merma del 3,5 por ciento. Todos los sectores de la manufactura local, sin excepci\u00f3n, mostraron ca\u00eddas interanuales. Si se toma como medida el primer bimestre, la industria textil baja un 16,8 por ciento, seguida de edici\u00f3n e impresi\u00f3n (-9,5), siderurgia (-9,4), insumos de la construcci\u00f3n (-6,8), papel y cart\u00f3n (-5,9), tabaco (-5,6), metalmec\u00e1nica (-5,1), refinaci\u00f3n de petr\u00f3leo (-4,6), caucho y pl\u00e1stico (-4,3), industria alimenticia (-3,1) y sustancias y productos qu\u00edmicos (-1,8). El \u00fanico rubro que zafa en 2017 es el automotor, que crece 11 por ciento.<\/p>\n<p>En el caso de los electr\u00f3nicos, Afarte relev\u00f3 que en los primeros dos meses se produjeron 301.591 televisores, mientras que en el mismo per\u00edodo de 2016 fueron 414.082, lo que implica una ca\u00edda del 27 por ciento. En aires acondicionados la merma fue de 83.650 unidades fabricadas a 38.977, un 53 por ciento; mientras que los tel\u00e9fonos celulares se redujeron desde 1.728.307 a 1.036.350 unidades, lo que equivale a un 40 por ciento. \u201cLa raz\u00f3n es la ca\u00edda de la demanda\u201d, explicaron desde la entidad a este diario. Hace un a\u00f1o, la liberaci\u00f3n de las declaraciones juradas de importaci\u00f3n por parte del Gobierno permiti\u00f3 que el sector adquiera partes al exterior y se reactiv\u00f3 la producci\u00f3n para renovar stocks, porque las ventas fueron bajas. Ahora, con el consumo que no repunta, la comparaci\u00f3n interanual arroja esas variaciones negativas.<\/p>\n<p>Los n\u00fameros son una muestra de la crisis en la que se encuentra sumergida la industria fueguina. El dirigente de la UOM Rio Grande y diputado nacional, Oscar Mart\u00ednez sostuvo d\u00edas atr\u00e1s que \u201cla situaci\u00f3n general de la industria se viene agravando producto de la pol\u00edtica del Gobierno nacional, que tiene una velada actitud de reducir los puestos de trabajo en Tierra del Fuego, como una forma de disminuir, seg\u00fan ellos, el costo fiscal que tiene la industria. El panorama para este a\u00f1o es muy complicado\u201d. El gremio calcula que el a\u00f1o pasado se perdieron 6 mil puestos de trabajo en el sector, entre despidos, retiros voluntarios, jubilaci\u00f3n anticipada y baja de contratos temporales.<\/p>\n<p>La \u00faltima novedad en ese sentido es el probable despido de trabajadores de l\u00edneas de celulares por parte de la firma IATEC, del grupo Mirgor, que pertenece al \u00edntimo amigo presidencial, Nicol\u00e1s Caputo. \u201cLa firma IATEC, que es parte del Grupo Mirgor y produce para Samsung, ya manifest\u00f3 que hay varias l\u00edneas que van a dejar de producir y, por lo tanto, van a caer una cantidad de contratos. La realidad es que no sabemos exactamente cu\u00e1ntos, lo que estamos haciendo es discutir con la empresa para tratar de que sea la menor cantidad posible. Esta situaci\u00f3n ya fue informada a los trabajadores en asamblea, pero el n\u00famero final no lo tenemos porque estamos abocados a que sea la menor cantidad posible. Para 2017 no tenemos ning\u00fan proyecto, o inicio de producci\u00f3n, dentro de la empresa\u201d, dijo Angel Gordillo, secretario de organizaci\u00f3n de la UOM R\u00edo Grande. Las perspectivas para la producci\u00f3n de celulares no son buenas. Hay versiones de que el Gobierno profundizar\u00eda el camino de las notebooks, en donde elimin\u00f3 aranceles de importaci\u00f3n.<\/p>\n<p>Las ventas del rubro electrodom\u00e9sticos en febrero\/marzo terminaron un 32 por ciento por debajo de la marca del a\u00f1o pasado seg\u00fan la Asociaci\u00f3n de Supermercados Unidos, mientras que en ventas totales la ca\u00edda es del 6,6 por ciento. Desde una cadena l\u00edder del mercado describieron que en el primer bimestre la categor\u00eda de electr\u00f3nica y l\u00ednea blanca est\u00e1 en rojo aunque hay situaciones encontradas. Por un lado, aires acondicionados, l\u00ednea blanca y equipos de audio presentan ca\u00eddas del 15, 16 y 2 por ciento, respectivamente. En inform\u00e1tica las ventas subieron un 60 por \u00a0ciento con respecto al mismo per\u00edodo del a\u00f1o pasado traccionadas por la liquidaci\u00f3n del stock existente de notebooks de cara a la reducci\u00f3n a cero de los aranceles de importaci\u00f3n. Tambi\u00e9n encontraron en enero subas de las ventas en televisores y celulares pero que luego se frenaron con la confusi\u00f3n de Precios Transparentes.<\/p>\n<p>\u201cLa situaci\u00f3n en general no es buena, aunque depende de cada producto. La ca\u00edda consolidada en 2016 fue de 20 por ciento frente a 2015, que fue un a\u00f1o muy bueno. En enero de este a\u00f1o nosotros percibimos cierta recuperaci\u00f3n pero febrero empeor\u00f3. En marzo mejor\u00f3 un poquito. El principal problema no son las importaciones sino la demanda. De todos modos, hay situaciones puntuales con las importaciones que son complicadas con ingreso de importados, como heladeras y lavavajillas\u201d, explic\u00f3 a este diario Alejandro Iglesias, presidente de la C\u00e1mara de Fabricantes de Aparatos El\u00e9ctricos y Mec\u00e1nicos para el Hogar.<\/p>\n<h6>Fuente: P\u00e1gina 12<\/h6>\n","protected":false},"excerpt":{"rendered":"<p>Las cifras de Afarte dan cuenta del impacto combinado del retroceso del consumo y el incremento de las importaciones. El Gobierno agudiz\u00f3 a\u00fan m\u00e1s el derrumbe con la implementaci\u00f3n fallida del programa Precios Transparentes, que ahora revirti\u00f3 parcialmente.<\/p>\n","protected":false},"author":2,"featured_media":61524,"comment_status":"closed","ping_status":"closed","sticky":false,"template":"","format":"standard","meta":{"footnotes":""},"categories":[8],"tags":[21],"class_list":["post-61523","post","type-post","status-publish","format-standard","has-post-thumbnail","hentry","category-informe-nacional","tag-argentina"],"_links":{"self":[{"href":"http:\/\/argentinamunicipal.com.ar\/argentina\/wp-json\/wp\/v2\/posts\/61523","targetHints":{"allow":["GET"]}}],"collection":[{"href":"http:\/\/argentinamunicipal.com.ar\/argentina\/wp-json\/wp\/v2\/posts"}],"about":[{"href":"http:\/\/argentinamunicipal.com.ar\/argentina\/wp-json\/wp\/v2\/types\/post"}],"author":[{"embeddable":true,"href":"http:\/\/argentinamunicipal.com.ar\/argentina\/wp-json\/wp\/v2\/users\/2"}],"replies":[{"embeddable":true,"href":"http:\/\/argentinamunicipal.com.ar\/argentina\/wp-json\/wp\/v2\/comments?post=61523"}],"version-history":[{"count":0,"href":"http:\/\/argentinamunicipal.com.ar\/argentina\/wp-json\/wp\/v2\/posts\/61523\/revisions"}],"wp:featuredmedia":[{"embeddable":true,"href":"http:\/\/argentinamunicipal.com.ar\/argentina\/wp-json\/wp\/v2\/media\/61524"}],"wp:attachment":[{"href":"http:\/\/argentinamunicipal.com.ar\/argentina\/wp-json\/wp\/v2\/media?parent=61523"}],"wp:term":[{"taxonomy":"category","embeddable":true,"href":"http:\/\/argentinamunicipal.com.ar\/argentina\/wp-json\/wp\/v2\/categories?post=61523"},{"taxonomy":"post_tag","embeddable":true,"href":"http:\/\/argentinamunicipal.com.ar\/argentina\/wp-json\/wp\/v2\/tags?post=61523"}],"curies":[{"name":"wp","href":"https:\/\/api.w.org\/{rel}","templated":true}]}}