{"id":61539,"date":"2017-04-10T05:29:06","date_gmt":"2017-04-10T08:29:06","guid":{"rendered":"http:\/\/argentinamunicipal.com.ar\/argentina\/?p=61539"},"modified":"2017-04-10T08:31:07","modified_gmt":"2017-04-10T11:31:07","slug":"gobernador-cerro-cuarto-congreso-santa-fe-red-ciudades","status":"publish","type":"post","link":"http:\/\/argentinamunicipal.com.ar\/argentina\/gobernador-cerro-cuarto-congreso-santa-fe-red-ciudades\/","title":{"rendered":"El gobernador cerr\u00f3 el cuarto Congreso Santa Fe, Red de Ciudades"},"content":{"rendered":"<p>El gobernador Miguel Lifschitz presidi\u00f3 el cierre del 4\u00ba Congreso Santa Fe, Red de Ciudades, realizado en los salones del Dique 2 del puerto de Santa Fe.<\/p>\n<p>El gobernador Miguel Lifschitz presidi\u00f3 el cierre del 4\u00ba Congreso Santa Fe, Red de Ciudades, realizado en los salones del Dique 2 del puerto de Santa Fe y record\u00f3 que el gobierno provincial tiene \u00abmuchas expectativas puestas en el trabajo de municipios y comunas\u00bb, porque \u00abentendemos que la base de las instituciones y de la democracia est\u00e1 en las ciudades y los pueblos, en los gobiernos locales, que a veces se tienen que hacer cargo de todo por esa proximidad que hace que las personas conf\u00eden y los hagan socios en la b\u00fasqueda de soluciones\u00bb.<\/p>\n<p>En el encuentro, que se extendi\u00f3 dos d\u00edas, se propuso debatir sobre la gesti\u00f3n de los territorios y la planificaci\u00f3n de los mismos, de modo que incluy\u00f3 la confecci\u00f3n de una agenda para el desarrollo.<\/p>\n<p>El gobernador tambi\u00e9n puso el eje en \u00abuna experiencia de descentralizaci\u00f3n que realizamos y que comenz\u00f3 con las regiones y los nodos y con la que avanzamos en un trabajo con especial atenci\u00f3n en los gobiernos de comunidades peque\u00f1as; aquellas regiones que por d\u00e9cadas quedaron relegadas y la respuesta son las m\u00e1s de mil obras que tenemos en marcha\u00bb, asegur\u00f3.<\/p>\n<p><strong>Convenio de colaboraci\u00f3n<\/strong><\/p>\n<p>Por su parte, el ministro de Gobierno y Reforma del Estado, Pablo Far\u00edas, y el ministro de la Ciudadan\u00eda de Neuqu\u00e9n, Gustavo Alcaraz, firmaron un convenio de colaboraci\u00f3n para el intercambio de buenas pr\u00e1cticas en materia de participaci\u00f3n ciudadana.<\/p>\n<p>Far\u00edas agradeci\u00f3 a su par neuquino por la participaci\u00f3n en el Congreso y \u00abpor haber enriquecido estas jornadas\u00bb. Seg\u00fan dijo, el convenio pretende \u00abpotenciar las acciones que desarrollamos en ambas provincias, seguir trabajando en pol\u00edticas de cercan\u00eda e intercambiar lo que hacemos en ambos lugares\u00bb.<\/p>\n<p>A su vez Alcaraz afirm\u00f3 que encontr\u00f3 \u00aben el gobierno de Santa Fe la genuina preocupaci\u00f3n por el ciudadano y su participaci\u00f3n del ciudadano en las pol\u00edticas p\u00fablicas\u00bb. Del mismo modo, remarc\u00f3 que ambas provincias est\u00e1n \u00aben el mismo camino: mirando al mismo ciudadano\u00bb.<\/p>\n<p>En esta edici\u00f3n, el gobierno provincial propuso trabajar sobre temas vinculados al cambio clim\u00e1tico y la gesti\u00f3n medioambiental, productiva, h\u00eddrica y urbana; sobre gobierno abierto, cultura y comunicaci\u00f3n digital, transparencia y participaci\u00f3n ciudadana; la reforma constitucional santafesina y los nuevos derechos a incorporar desde la perspectiva de los gobiernos locales, y la innovaci\u00f3n social como estrategia para avanzar en la consolidaci\u00f3n de sociedades inclusivas. El Congreso cont\u00f3 con m\u00e1s de 800 participantes, entre asistentes y conferencistas nacionales e internacionales, y por primera vez en el Congreso, se habilit\u00f3 una carpa en la que m\u00e1s de 30 empresas, emprendedores e instituciones provinciales ofrecieron productos y servicios a las delegaciones.<\/p>\n<p>Los rubros presentes en los stands fueron maquinaria industrial, servicios agropecuarios, electromec\u00e1nicos, de acondicionamiento del espacio p\u00fablico, empresas gr\u00e1ficas, mobiliario para la atenci\u00f3n al p\u00fablico, sistemas de recolecci\u00f3n de residuos y software de gesti\u00f3n, entre otro tipo de empresas.<\/p>\n<h6>Fuente: La Capital Rosario<\/h6>\n","protected":false},"excerpt":{"rendered":"<p>El gobernador Miguel Lifschitz presidi\u00f3 el cierre del 4\u00ba Congreso Santa Fe, Red de Ciudades, realizado en los salones del Dique 2 del puerto de Santa Fe.<\/p>\n","protected":false},"author":2,"featured_media":61540,"comment_status":"closed","ping_status":"closed","sticky":false,"template":"","format":"standard","meta":{"footnotes":""},"categories":[2],"tags":[10],"class_list":["post-61539","post","type-post","status-publish","format-standard","has-post-thumbnail","hentry","category-informe-municipal","tag-santa-fe"],"_links":{"self":[{"href":"http:\/\/argentinamunicipal.com.ar\/argentina\/wp-json\/wp\/v2\/posts\/61539","targetHints":{"allow":["GET"]}}],"collection":[{"href":"http:\/\/argentinamunicipal.com.ar\/argentina\/wp-json\/wp\/v2\/posts"}],"about":[{"href":"http:\/\/argentinamunicipal.com.ar\/argentina\/wp-json\/wp\/v2\/types\/post"}],"author":[{"embeddable":true,"href":"http:\/\/argentinamunicipal.com.ar\/argentina\/wp-json\/wp\/v2\/users\/2"}],"replies":[{"embeddable":true,"href":"http:\/\/argentinamunicipal.com.ar\/argentina\/wp-json\/wp\/v2\/comments?post=61539"}],"version-history":[{"count":0,"href":"http:\/\/argentinamunicipal.com.ar\/argentina\/wp-json\/wp\/v2\/posts\/61539\/revisions"}],"wp:featuredmedia":[{"embeddable":true,"href":"http:\/\/argentinamunicipal.com.ar\/argentina\/wp-json\/wp\/v2\/media\/61540"}],"wp:attachment":[{"href":"http:\/\/argentinamunicipal.com.ar\/argentina\/wp-json\/wp\/v2\/media?parent=61539"}],"wp:term":[{"taxonomy":"category","embeddable":true,"href":"http:\/\/argentinamunicipal.com.ar\/argentina\/wp-json\/wp\/v2\/categories?post=61539"},{"taxonomy":"post_tag","embeddable":true,"href":"http:\/\/argentinamunicipal.com.ar\/argentina\/wp-json\/wp\/v2\/tags?post=61539"}],"curies":[{"name":"wp","href":"https:\/\/api.w.org\/{rel}","templated":true}]}}