{"id":61542,"date":"2017-04-10T08:33:32","date_gmt":"2017-04-10T11:33:32","guid":{"rendered":"http:\/\/argentinamunicipal.com.ar\/argentina\/?p=61542"},"modified":"2017-04-10T08:33:32","modified_gmt":"2017-04-10T11:33:32","slug":"obispos-patagonicos-advierten-deterioro-la-situacion-social-economica","status":"publish","type":"post","link":"http:\/\/argentinamunicipal.com.ar\/argentina\/obispos-patagonicos-advierten-deterioro-la-situacion-social-economica\/","title":{"rendered":"Obispos patag\u00f3nicos advierten por el deterioro de la situaci\u00f3n social y econ\u00f3mica"},"content":{"rendered":"<p>Los obispos de la regi\u00f3n Patagonia-Comahue advirtieron por el crudo presente de \u201clos ni\u00f1os con su infancia robada; la preocupaci\u00f3n por el presente y el futuro de los j\u00f3venes; las familias con sus angustias y las personas mayores que no son tenidas en cuenta\u201d.<\/p>\n<p>En su tradicional mensaje de Pascua, los obispos patag\u00f3nicos dicen ser \u201cconscientes, m\u00e1s que nunca, de que ni solo el progreso, ni sola la tecnolog\u00eda, ni solos los planes sociales pueden acallar el grito dolorido de los crucificados por la pobreza, por el trabajo indigno, por una educaci\u00f3n sin calidad, por la inseguridad y la marginaci\u00f3n\u201d. El mensaje fue firmado por los obispos Virginio Bressanelli, de Neuqu\u00e9n, Fernando Croxatto (Comodoro Rivadavia), Marcelo Cuenca (Alto Valle), Juan Jos\u00e9 Chaparro (Bariloche), Miguel Angel D\u2019Annibale (R\u00edo Gallegos), Esteban Laxague (Viedma) y Jos\u00e9 Slaby (Esquel).<\/p>\n<p>Tambi\u00e9n lo suscriben Fernando Bargall\u00f3 (em\u00e9rito de Merlo-Moreno), Miguel Hesayne (em\u00e9rito de Viedma), Marcelo Melani (em\u00e9rito de Neuqu\u00e9n), N\u00e9stor Navarro y Jos\u00e9 Pedro Pozzi (em\u00e9ritos de Alto Valle).<\/p>\n<p>El texto, que ser\u00e1 distribuido en todas las parroquias y templos cat\u00f3licos del sur del pa\u00eds, se\u00f1ala adem\u00e1s que \u201cen Cristo resucitado renace la esperanza, se afirma el don de ser pueblo y se reafirma la vida como servicio\u201d.<\/p>\n<p>\u201cEn nuestro caminar, nuestros ojos ven muchas situaciones, pero, con frecuencia, no las comprendemos porque vivimos atrapados en un mundo cargado de im\u00e1genes y mensajes y, por medio de la tecnolog\u00eda, pasamos gran parte de nuestro d\u00eda acumulando informaci\u00f3n que nos provoca perplejidad y nos mantiene como anestesiados\u201d, afirman.<\/p>\n<p>Y agregan: \u201cNo nos cansamos de abrir los ojos y mirar\u2026 que las redes, que los tuits, horas ante la tecnolog\u00eda\u2026 Pero \u00bfqu\u00e9 es lo que vemos?, \u00bfcomprendemos algo?, \u00bfestamos tocando a fondo nuestro coraz\u00f3n?\u2026 \u00bfPalabras? \u00a1s\u00ed, muchas! \u00bfMensajes? \u00a1s\u00ed, muchos m\u00e1s!\u2026 Pero \u00bfs\u00e9 por qu\u00e9 estoy vivo?\u2026 \u00bfPara qu\u00e9 estoy ac\u00e1?, \u00bfc\u00f3mo interpreto lo que estoy viviendo?\u2026\u201d.<\/p>\n<p>Acotan que si un \u201cforastero\u201d preguntara: \u201c\u00bfQu\u00e9 est\u00e1 pasando?\u201d\u2026 \u00bfQu\u00e9 responder\u00edamos? \u00a1Son tantas cosas y realidades con las que convivimos cada d\u00eda! Nuevas situaciones nos desaf\u00edan permanentemente. \u00bfPor d\u00f3nde empezar?\u201d, siguen interrog\u00e1ndose los obispos.<\/p>\n<p>En esa recopilaci\u00f3n de situaciones, indican \u201csi miramos a los ni\u00f1os, aparece el fantasma de la \u2018infancia robada\u2019. Si se trata de los j\u00f3venes, nos preocupa su presente y su futuro. En cuanto a las familias, \u00a1cu\u00e1ntas angustias de la puerta hacia adentro y hacia afuera! Si observamos a los adultos mayores, \u00a1cu\u00e1ntas veces no son tenidos en cuenta, como si faltara para ellos un lugar en nuestro mundo! Somos conscientes, m\u00e1s que nunca, que ni s\u00f3lo el progreso, ni sola la tecnolog\u00eda, ni s\u00f3lo los planes sociales pueden acallar el grito dolorido de los crucificados por la pobreza, por el trabajo indigno, por una educaci\u00f3n sin calidad, por la inseguridad y la marginaci\u00f3n\u2026\u201d.<\/p>\n<p>Pero si bien una parte del mensaje refleja una dura realidad, en otra se resalta la \u201cesperanza\u201d.<\/p>\n<p>Los prelados destacan que \u201choy no dejan de sorprendernos los muchos j\u00f3venes, adultos, ancianos, familias que, conscientes de su entorno sufriente, salen cada d\u00eda a brindar su tiempo, su capacidad, su creatividad, para hacer \u2018el bien sin mirar a quien\u2019. Y se comprometen, sacrifican y luchan honestamente\u201d.<\/p>\n<p>Resaltan que son esos hermanos los que \u201ciluminan\u201d, porque ellos mismos se dejaron \u201ciluminar por Cristo\u201d. Al tiempo que resaltan que \u201cs\u00f3lo una iglesia samaritana, que se detiene e inclina ante tantos crucificados, puede pronunciar en verdad el nombre del Dios de Jes\u00fas. Una iglesia que reacciona con misericordia y que se compromete en erradicar, o al menos aliviar tanto cuanto sea posible, el sufrimiento de los hermanos y hermanas\u201d, indicaron finalmente los obispos patag\u00f3nicos.<\/p>\n<h6>Fuente: La Opini\u00f3n Austral<\/h6>\n","protected":false},"excerpt":{"rendered":"<p>Los obispos de la regi\u00f3n Patagonia-Comahue advirtieron por el crudo presente de \u201clos ni\u00f1os con su infancia robada; la preocupaci\u00f3n por el presente y el futuro de los j\u00f3venes; las familias con sus angustias y las personas mayores que no son tenidas en cuenta\u201d.<\/p>\n","protected":false},"author":2,"featured_media":61543,"comment_status":"closed","ping_status":"closed","sticky":false,"template":"","format":"standard","meta":{"footnotes":""},"categories":[65],"tags":[29],"class_list":["post-61542","post","type-post","status-publish","format-standard","has-post-thumbnail","hentry","category-provincias","tag-santa-cruz"],"_links":{"self":[{"href":"http:\/\/argentinamunicipal.com.ar\/argentina\/wp-json\/wp\/v2\/posts\/61542","targetHints":{"allow":["GET"]}}],"collection":[{"href":"http:\/\/argentinamunicipal.com.ar\/argentina\/wp-json\/wp\/v2\/posts"}],"about":[{"href":"http:\/\/argentinamunicipal.com.ar\/argentina\/wp-json\/wp\/v2\/types\/post"}],"author":[{"embeddable":true,"href":"http:\/\/argentinamunicipal.com.ar\/argentina\/wp-json\/wp\/v2\/users\/2"}],"replies":[{"embeddable":true,"href":"http:\/\/argentinamunicipal.com.ar\/argentina\/wp-json\/wp\/v2\/comments?post=61542"}],"version-history":[{"count":0,"href":"http:\/\/argentinamunicipal.com.ar\/argentina\/wp-json\/wp\/v2\/posts\/61542\/revisions"}],"wp:featuredmedia":[{"embeddable":true,"href":"http:\/\/argentinamunicipal.com.ar\/argentina\/wp-json\/wp\/v2\/media\/61543"}],"wp:attachment":[{"href":"http:\/\/argentinamunicipal.com.ar\/argentina\/wp-json\/wp\/v2\/media?parent=61542"}],"wp:term":[{"taxonomy":"category","embeddable":true,"href":"http:\/\/argentinamunicipal.com.ar\/argentina\/wp-json\/wp\/v2\/categories?post=61542"},{"taxonomy":"post_tag","embeddable":true,"href":"http:\/\/argentinamunicipal.com.ar\/argentina\/wp-json\/wp\/v2\/tags?post=61542"}],"curies":[{"name":"wp","href":"https:\/\/api.w.org\/{rel}","templated":true}]}}