{"id":61548,"date":"2017-04-11T07:16:38","date_gmt":"2017-04-11T10:16:38","guid":{"rendered":"http:\/\/argentinamunicipal.com.ar\/argentina\/?p=61548"},"modified":"2017-04-11T07:16:38","modified_gmt":"2017-04-11T10:16:38","slug":"ipc-congreso-la-inflacion-alcanzo-33-interanual-545-desde-asumio-macri","status":"publish","type":"post","link":"http:\/\/argentinamunicipal.com.ar\/argentina\/ipc-congreso-la-inflacion-alcanzo-33-interanual-545-desde-asumio-macri\/","title":{"rendered":"IPC Congreso: la inflaci\u00f3n alcanz\u00f3 33% interanual y 54,5% desde que asumi\u00f3 Macri"},"content":{"rendered":"<p>El informe de \u00cdndices de Precios al Consumidor (IPC) que elabora un sector de la oposici\u00f3n en el Congreso de la Naci\u00f3n inform\u00f3 hoy que la inflaci\u00f3n de marzo se elev\u00f3 a 2,2% y durante el primer trimestre lleg\u00f3 a 6,1%.<\/p>\n<p>La oposici\u00f3n en el Congreso difundi\u00f3 hoy un nuevo informe del IPC en el que aseguran que\u00a0la inflaci\u00f3n de marzo se elev\u00f3 2,2% y que el acumulando en el primer trimestre lleg\u00f3 a\u00a06,1%. Esto significa, a su vez, que en t\u00e9rminos interanuales la inflaci\u00f3n alcanz\u00f3 33% y que desde la asunci\u00f3n del presidente Mauricio Macri la inflaci\u00f3n acumulada es de 54,5%.<\/p>\n<p>Las principales alzas del mes estuvieron explicadas por Educaci\u00f3n (estacionalmente elevada), Vivienda y servicios b\u00e1sicos (tarifas el\u00e9ctricas) e Indumentaria, agregan en el informe que elaboran los bloques\u00a0Frente Renovador-UNA,\u00a0Libres del Sur, Justicialista y el partido Socialista. Asimismo, se registr\u00f3 un alza en Alimentos y Bebidas cercana al 1,8%.<\/p>\n<p>El informe se\u00f1ala tambi\u00e9n que si bien la suba acumulada en el trimestre (+6,1%) es inferior a la de los arranques de a\u00f1o de 2014 (+13,6%) y 2016 (+12,0%), se ubica por encima de los primeros tres meses de 2013 (+5,1%) y 2015 (+3,6%).<\/p>\n<p>En los \u00faltimos seis meses la inflaci\u00f3n promedi\u00f3 fue del 2,1% mensual, lo que en t\u00e9rminos anualizados representa una suba de 28% anual. De hecho, con la reciente movilidad, las jubilaciones, pensiones y AUH apenas volvieron al nivel del pasado septiembre, cuando restan seis meses para el pr\u00f3ximo ajuste.<\/p>\n<p>Contemplando para el segundo trimestre la mediana de las proyecciones del Relevamiento de Expectativas de Mercado (REM), en el primer semestre la inflaci\u00f3n acumular\u00eda 10,8%, ubic\u00e1ndose 2,7 puntos por encima de lo que indicar\u00eda el techo puesto por el BCRA.<\/p>\n<p>Dicho en otras palabras, con el dato del primer trimestre, la inflaci\u00f3n deber\u00eda promediar 0,6% en el primer trimestre para encuadrarse en la meta del BCRA, cuando el REM estima un promedio de 1,5% por mes.<\/p>\n<p>Esto implica que si bien la inflaci\u00f3n descendi\u00f3 desde los picos alcanzados en 2016 (producto de la conjunci\u00f3n de devaluaci\u00f3n y suba de tarifas) sigue siendo el principal problema a resolver en la econom\u00eda argentina.<\/p>\n<h6>Fuente: InfoCielo<\/h6>\n","protected":false},"excerpt":{"rendered":"<p>El informe de \u00cdndices de Precios al Consumidor (IPC) que elabora un sector de la oposici\u00f3n en el Congreso de la Naci\u00f3n inform\u00f3 hoy que la inflaci\u00f3n de marzo se elev\u00f3 a 2,2% y durante el primer trimestre lleg\u00f3 a 6,1%.<\/p>\n","protected":false},"author":2,"featured_media":61549,"comment_status":"closed","ping_status":"closed","sticky":false,"template":"","format":"standard","meta":{"footnotes":""},"categories":[8],"tags":[21],"class_list":["post-61548","post","type-post","status-publish","format-standard","has-post-thumbnail","hentry","category-informe-nacional","tag-argentina"],"_links":{"self":[{"href":"http:\/\/argentinamunicipal.com.ar\/argentina\/wp-json\/wp\/v2\/posts\/61548","targetHints":{"allow":["GET"]}}],"collection":[{"href":"http:\/\/argentinamunicipal.com.ar\/argentina\/wp-json\/wp\/v2\/posts"}],"about":[{"href":"http:\/\/argentinamunicipal.com.ar\/argentina\/wp-json\/wp\/v2\/types\/post"}],"author":[{"embeddable":true,"href":"http:\/\/argentinamunicipal.com.ar\/argentina\/wp-json\/wp\/v2\/users\/2"}],"replies":[{"embeddable":true,"href":"http:\/\/argentinamunicipal.com.ar\/argentina\/wp-json\/wp\/v2\/comments?post=61548"}],"version-history":[{"count":0,"href":"http:\/\/argentinamunicipal.com.ar\/argentina\/wp-json\/wp\/v2\/posts\/61548\/revisions"}],"wp:featuredmedia":[{"embeddable":true,"href":"http:\/\/argentinamunicipal.com.ar\/argentina\/wp-json\/wp\/v2\/media\/61549"}],"wp:attachment":[{"href":"http:\/\/argentinamunicipal.com.ar\/argentina\/wp-json\/wp\/v2\/media?parent=61548"}],"wp:term":[{"taxonomy":"category","embeddable":true,"href":"http:\/\/argentinamunicipal.com.ar\/argentina\/wp-json\/wp\/v2\/categories?post=61548"},{"taxonomy":"post_tag","embeddable":true,"href":"http:\/\/argentinamunicipal.com.ar\/argentina\/wp-json\/wp\/v2\/tags?post=61548"}],"curies":[{"name":"wp","href":"https:\/\/api.w.org\/{rel}","templated":true}]}}