{"id":61551,"date":"2017-04-11T07:21:56","date_gmt":"2017-04-11T10:21:56","guid":{"rendered":"http:\/\/argentinamunicipal.com.ar\/argentina\/?p=61551"},"modified":"2017-04-11T07:21:56","modified_gmt":"2017-04-11T10:21:56","slug":"este-modelo-no-cierra-represion","status":"publish","type":"post","link":"http:\/\/argentinamunicipal.com.ar\/argentina\/este-modelo-no-cierra-represion\/","title":{"rendered":"\u201cEste modelo no cierra ni con represi\u00f3n\u201d"},"content":{"rendered":"<p>Legisladores del FpV, el Frente Renovador, el FIT, el PpV, Progresistas y Proyecto Sur, entre otros, criticaron la agresi\u00f3n a los docentes y responsabilizaron al Gobierno. Hoy intentar\u00e1n acordar el llamado a una sesi\u00f3n especial para el pr\u00f3ximo mi\u00e9rcoles.<\/p>\n<p>La represi\u00f3n a los docentes repercuti\u00f3 en el Congreso. Los diputados opositores repudiaron la agresi\u00f3n a los maestros que intentaron montar una \u201ccarpa itinerante\u201d y propusieron llevar al recinto el conflicto educativo para obligar al Gobierno a abrir un \u00e1mbito de negociaci\u00f3n. El Frente para la Victoria (FpV-PJ) y el Frente de Izquierda y los Trabajadores (FIT), junto a otros bloques, realizaron una conferencia de prensa en la que expresaron su solidaridad con los docentes y anunciaron que convocar\u00e1n a una sesi\u00f3n especial para el mi\u00e9rcoles pr\u00f3ximo para reclamar la apertura de la paritaria nacional que el Gobierno se niega a abrir. Con cr\u00edticas al Ejecutivo, desde el Frente Renovador (FR) tambi\u00e9n anticiparon que convocar\u00e1n a la comisi\u00f3n de educaci\u00f3n para tratar el tema y que solicitar\u00e1n su propia sesi\u00f3n especial para el mismo mi\u00e9rcoles, con el respaldo de Progresistas y el Peronismo para la Victoria. Por separado, ninguno de los dos sectores lograr\u00eda el qu\u00f3rum para sesionar ante el silencio de la alianza Cambiemos, que apuesta al fracaso de las convocatorias opositoras. Hoy habr\u00e1 un encuentro entre los distintos grupos opositores para intentar acordar una convocatoria unificada.<\/p>\n<p>\u201cEste modelo no cierra ni con represi\u00f3n. La consigna es imponer el terror\u201d, denunci\u00f3 el jefe de la bancada del FpV-PJ, H\u00e9ctor Recalde, que repudi\u00f3 el violento desalojo del domingo a los maestros de la Plaza de los Dos Congresos y expres\u00f3 la solidaridad de su bloque con los docentes.<\/p>\n<p>\u201cHay una ofensiva contra el movimiento de los trabajadores\u201d y \u201clos docentes fueron atacados y sancionados por ir a la huelga\u201d, expres\u00f3 N\u00e9stor Pitrola (FIT-PO), y lo compar\u00f3 con la \u201cpersecuci\u00f3n\u201d del Gobierno a los jueces que fallaron a favor de la paritaria bancaria y a los que exhortaron al Ejecutivo a convocar a una paritaria nacional de maestros.<\/p>\n<p>\u201cTodos los ciudadanos tenemos derecho a protestar, y las cosas no se resuelven reprimiendo\u201d, sum\u00f3 el diputado y dirigente cegetista Omar Plaini.<\/p>\n<p>\u201cLa promesa de mejor educaci\u00f3n del macrismo es un enga\u00f1o igual que la pobreza cero y hay que denunciarlos\u201d, agreg\u00f3 la diputada Alcira Argumedo (Proyecto Sur), que asoci\u00f3 al gobierno de Cambiemos como la \u201ccontinuidad del neoliberalismo\u201d que \u201centiende a la educaci\u00f3n como una mercanc\u00eda\u201d.<\/p>\n<p>El diputado del FpV-PJ Edgardo Depetri, dirigente sindical de la CTA, fue el m\u00e1s duro y caracteriz\u00f3 el desalojo como \u201cun operativo similar a los que hac\u00eda la dictadura militar\u201d. \u201cEs cierto \u2013-aclar\u00f3 enseguida\u2013, no estamos en dictadura, pero tampoco se puede decir que estamos en democracia.\u201d<\/p>\n<p>Los diputados afirmaron que solicitar\u00e1n una sesi\u00f3n especial para el mi\u00e9rcoles pr\u00f3ximo, para reclamar en el recinto el cumplimiento de la Ley de Financiamiento Educativo, que establece la convocatoria a la paritaria nacional docente, a la que se plegar\u00edan legisladores de San Luis y Misiones. Hoy presentar\u00e1n un proyecto en ese sentido.<\/p>\n<p>Los diputados del massismo lanzaron su propia convocatoria a una sesi\u00f3n especial tambi\u00e9n para el pr\u00f3ximo mi\u00e9rcoles pero con conceptos muchos m\u00e1s duros contra el Gobierno que los que expres\u00f3 Sergio Massa a trav\u00e9s de una carta difundida ayer. \u201cEl gobierno nacional tiene que dejar de hacer pol\u00edtica con el conflicto. Tenemos que terminar de una vez por todas con esta pelea que tiene a los chicos de rehenes. Terminemos con la Argentina de las chicanas, de la divisi\u00f3n, de la extorsi\u00f3n y de los paros\u201d, sostuvo el l\u00edder renovador a trav\u00e9s de las redes sociales, en su primer pronunciamiento p\u00fablico sobre el largo conflicto docente.<\/p>\n<p>\u201cTenemos la certeza de que est\u00e1n usando el conflicto pol\u00edticamente. Hay un conflicto marketineado y dirigido por (Jaime) Dur\u00e1n Barba\u201d, dispar\u00f3 en cambio la jefa del bloque massista Graciela Cama\u00f1o. Aunque enmarc\u00f3 la disputa en la pelea electoral, la diputada se\u00f1al\u00f3 que \u201cel Gobierno estigmatiz\u00f3 a (Roberto) Baradel y puso a todos los gremios en el marco de gremios kirchneristas\u201d. \u201cNo tengo dudas de que los docentes tienen raz\u00f3n\u201d, agreg\u00f3 Cama\u00f1o sobre el reclamo de convocatoria a la paritaria nacional. \u201cNo hab\u00eda ning\u00fan motivo para palear a los maestros\u201d, se\u00f1al\u00f3 sobre la represi\u00f3n.<\/p>\n<p>Su compa\u00f1era de bancada Cecilia Moreau fue m\u00e1s all\u00e1: \u201cEvidentemente, el Gobierno reprime porque no tiene respuestas, y as\u00ed demuestra la peor cara de la democracia. Es un l\u00edmite que no podemos dejar pasar\u201d, sostuvo.<\/p>\n<p>La convocatoria massista tiene el apoyo de Progresistas y el PpV. \u201cEl gobierno nacional no tiene vocaci\u00f3n de di\u00e1logo, sino que intenta imponer una cultura autoritaria con palos y gases lacrim\u00f3genos\u201d, sostuvo el diputado del PpV Leonardo Grosso, en repudio al ataque a los docentes.<\/p>\n<p>\u201cLa represi\u00f3n fue una verg\u00fcenza. Reprimir a docentes que quieren armar una carpa en un espacio p\u00fablico, en una plaza, sin obstruir el tr\u00e1nsito, sin capuchas, donde quieren \u00a0dar un debate sobre la educaci\u00f3n, es inaceptable\u201d, agreg\u00f3 Alicia Ciciliani (PS-Progresista), en di\u00e1logo con P\u00e1ginaI12. El GEN tambi\u00e9n repudi\u00f3 la represi\u00f3n: \u201cDe ning\u00fan modo podemos tolerar que quienes se comprometieron a cuidar a los docentes hoy los quieran silenciar y reprimir por ejercer su leg\u00edtimo derecho a protesta ante una situaci\u00f3n de precariedad que nadie puede ignorar. Sea culpa de quien sea, es responsabilidad del Gobierno\u201d, afirmaron.<\/p>\n<p>\u201cLos docentes se expresaron democr\u00e1ticamente, buscaron una forma distinta de visibilizar su justo reclamo y el Gobierno respondi\u00f3 con represi\u00f3n\u201d, sumaron los diputados del Bloque Justicialista, que tambi\u00e9n se plegar\u00e1 a la sesi\u00f3n especial, que hoy los distintos bloques buscar\u00e1n unificar.<\/p>\n<h6>Fuente: P\u00e1gina 12<\/h6>\n","protected":false},"excerpt":{"rendered":"<p>Legisladores del FpV, el Frente Renovador, el FIT, el PpV, Progresistas y Proyecto Sur, entre otros, criticaron la agresi\u00f3n a los docentes y responsabilizaron al Gobierno. <\/p>\n","protected":false},"author":2,"featured_media":61552,"comment_status":"closed","ping_status":"closed","sticky":false,"template":"","format":"standard","meta":{"footnotes":""},"categories":[8],"tags":[21],"class_list":["post-61551","post","type-post","status-publish","format-standard","has-post-thumbnail","hentry","category-informe-nacional","tag-argentina"],"_links":{"self":[{"href":"http:\/\/argentinamunicipal.com.ar\/argentina\/wp-json\/wp\/v2\/posts\/61551","targetHints":{"allow":["GET"]}}],"collection":[{"href":"http:\/\/argentinamunicipal.com.ar\/argentina\/wp-json\/wp\/v2\/posts"}],"about":[{"href":"http:\/\/argentinamunicipal.com.ar\/argentina\/wp-json\/wp\/v2\/types\/post"}],"author":[{"embeddable":true,"href":"http:\/\/argentinamunicipal.com.ar\/argentina\/wp-json\/wp\/v2\/users\/2"}],"replies":[{"embeddable":true,"href":"http:\/\/argentinamunicipal.com.ar\/argentina\/wp-json\/wp\/v2\/comments?post=61551"}],"version-history":[{"count":0,"href":"http:\/\/argentinamunicipal.com.ar\/argentina\/wp-json\/wp\/v2\/posts\/61551\/revisions"}],"wp:featuredmedia":[{"embeddable":true,"href":"http:\/\/argentinamunicipal.com.ar\/argentina\/wp-json\/wp\/v2\/media\/61552"}],"wp:attachment":[{"href":"http:\/\/argentinamunicipal.com.ar\/argentina\/wp-json\/wp\/v2\/media?parent=61551"}],"wp:term":[{"taxonomy":"category","embeddable":true,"href":"http:\/\/argentinamunicipal.com.ar\/argentina\/wp-json\/wp\/v2\/categories?post=61551"},{"taxonomy":"post_tag","embeddable":true,"href":"http:\/\/argentinamunicipal.com.ar\/argentina\/wp-json\/wp\/v2\/tags?post=61551"}],"curies":[{"name":"wp","href":"https:\/\/api.w.org\/{rel}","templated":true}]}}