{"id":61566,"date":"2017-04-11T06:00:06","date_gmt":"2017-04-11T09:00:06","guid":{"rendered":"http:\/\/argentinamunicipal.com.ar\/argentina\/?p=61566"},"modified":"2017-04-11T07:58:25","modified_gmt":"2017-04-11T10:58:25","slug":"corrientes-ratifico-los-municipios-saludables","status":"publish","type":"post","link":"http:\/\/argentinamunicipal.com.ar\/argentina\/corrientes-ratifico-los-municipios-saludables\/","title":{"rendered":"Corrientes ratific\u00f3 a los Municipios Saludables"},"content":{"rendered":"<p>El ministro de Salud, Ricardo Cardozo, firm\u00f3 un convenio con la cartera hom\u00f3loga nacional, para dar continuidad a las acciones que iniciaron el a\u00f1o pasado, con reuniones en varias comunas para fortalecer el \u00e1rea.<\/p>\n<p>Corrientes se incorpora al Programa Nacional de Ciudades, Municipios y Comunidades Saludables a trav\u00e9s de la firma de un convenio entre el Ministerio de Salud provincial y el \u00e1rea de Integraci\u00f3n Sanitaria Federal del Ministerio de Salud P\u00fablica de la Naci\u00f3n.<\/p>\n<p>El ministro de Salud, Ricardo Cardozo y el titular del organismo nacional, Juan Carlos Ponce, firmaron el acuerdo para la implementaci\u00f3n del programa que busca realizar un trabajo articulado entre Naci\u00f3n, Provincia y los municipios. Tiene como prop\u00f3sito trabajar sobre los factores que determinan y condicionan la situaci\u00f3n actual de salud, promover y fortalecer en los municipios el desarrollo de pol\u00edticas de promoci\u00f3n y prevenci\u00f3n, que los aborden de manera integral.<\/p>\n<p>Se encuentra al frente del programa en la provincia, Guillermo G\u00f3mez.<\/p>\n<p>Los municipios recibir\u00e1n las herramientas y espacios de trabajo intersectoriales, los cuales posibiliten diagnosticar y priorizar los problemas de salud que requieren ser trabajados localmente y luego articular de manera conjunta los recursos para potenciar las acciones y lograr los resultados necesarios que permitan una mejor salud de la poblaci\u00f3n.<br \/>\nRicardo Cardozo valor\u00f3 el aporte de Naci\u00f3n: \u00abNos viene a abrir un panorama muy importante para poder trabajar en distintas \u00e1reas con los diferentes municipios de Corrientes\u00bb.<\/p>\n<p><strong>CONTINUIDAD<\/strong><\/p>\n<p>\u00abEsta firma viene a dar practicidad en lo que se refiere al programa; el coordinador Guillermo G\u00f3mez, junto a su equipo, ya ha trabajado desde el a\u00f1o pasado en las localidades del Interior, como tambi\u00e9n en reuniones nacionales, y ahora estamos dando la forma pr\u00e1ctica para bajar los recursos a cada municipio\u00bb, agreg\u00f3.<\/p>\n<p>Se puso de relieve el trabajo de prevenci\u00f3n de enfermedades, de la drogadicci\u00f3n y promoci\u00f3n de la salud, la buena alimentaci\u00f3n, la educaci\u00f3n vial, acciones que impactan en los n\u00fameros de la salud p\u00fablica.<\/p>\n<p>El director de Integraci\u00f3n Sanitaria Federal, Ponce precis\u00f3: \u00abHemos reafirmado la voluntad que tiene Corrientes en trabajar dentro del Programa Municipios Saludables. Es decir, que es el mismo convenio que estaba vigente pero con mejoras y ayornado; por lo tanto tiene mayores beneficios y alcance\u00bb.<\/p>\n<p>A\u00f1adi\u00f3 que \u00abel programa trabaja sobre prevenci\u00f3n y promoci\u00f3n de la salud, y eso transversalmente toca todas las \u00e1reas, agua segura, educaci\u00f3n, alimentaci\u00f3n, actividad f\u00edsica, damos una asistencia integral; con asesoramiento t\u00e9cnico y ayuda financiera. En la Provincia estamos trabajando muy bien y vamos a sumar a municipios que van a ingresar al programa\u00bb.<\/p>\n<p>Participaron del acto, el presidente de la Comisi\u00f3n de Salud de la C\u00e1mara de Diputados, Eduardo Tassano, el delegado sanitario Federal, Carlos Casella, el coordinador provincial del Programa de Ciudades, Municipios y Comunidades Saludables y el secretario privado del Ministro, Jes\u00fas Ferreyra.<\/p>\n<h6>Fuente: El Libertador<\/h6>\n","protected":false},"excerpt":{"rendered":"<p>El ministro de Salud, Ricardo Cardozo, firm\u00f3 un convenio con la cartera hom\u00f3loga nacional, para dar continuidad a las acciones que iniciaron el a\u00f1o pasado, con reuniones en varias comunas para fortalecer el \u00e1rea. <\/p>\n","protected":false},"author":2,"featured_media":61567,"comment_status":"closed","ping_status":"closed","sticky":false,"template":"","format":"standard","meta":{"footnotes":""},"categories":[2],"tags":[13],"class_list":["post-61566","post","type-post","status-publish","format-standard","has-post-thumbnail","hentry","category-informe-municipal","tag-corrientes"],"_links":{"self":[{"href":"http:\/\/argentinamunicipal.com.ar\/argentina\/wp-json\/wp\/v2\/posts\/61566","targetHints":{"allow":["GET"]}}],"collection":[{"href":"http:\/\/argentinamunicipal.com.ar\/argentina\/wp-json\/wp\/v2\/posts"}],"about":[{"href":"http:\/\/argentinamunicipal.com.ar\/argentina\/wp-json\/wp\/v2\/types\/post"}],"author":[{"embeddable":true,"href":"http:\/\/argentinamunicipal.com.ar\/argentina\/wp-json\/wp\/v2\/users\/2"}],"replies":[{"embeddable":true,"href":"http:\/\/argentinamunicipal.com.ar\/argentina\/wp-json\/wp\/v2\/comments?post=61566"}],"version-history":[{"count":0,"href":"http:\/\/argentinamunicipal.com.ar\/argentina\/wp-json\/wp\/v2\/posts\/61566\/revisions"}],"wp:featuredmedia":[{"embeddable":true,"href":"http:\/\/argentinamunicipal.com.ar\/argentina\/wp-json\/wp\/v2\/media\/61567"}],"wp:attachment":[{"href":"http:\/\/argentinamunicipal.com.ar\/argentina\/wp-json\/wp\/v2\/media?parent=61566"}],"wp:term":[{"taxonomy":"category","embeddable":true,"href":"http:\/\/argentinamunicipal.com.ar\/argentina\/wp-json\/wp\/v2\/categories?post=61566"},{"taxonomy":"post_tag","embeddable":true,"href":"http:\/\/argentinamunicipal.com.ar\/argentina\/wp-json\/wp\/v2\/tags?post=61566"}],"curies":[{"name":"wp","href":"https:\/\/api.w.org\/{rel}","templated":true}]}}