{"id":61592,"date":"2017-04-12T07:12:12","date_gmt":"2017-04-12T10:12:12","guid":{"rendered":"http:\/\/argentinamunicipal.com.ar\/argentina\/?p=61592"},"modified":"2017-04-12T07:12:12","modified_gmt":"2017-04-12T10:12:12","slug":"542-cree-macri-mentiroso-la-corrupcion-la-principal-preocupacion","status":"publish","type":"post","link":"http:\/\/argentinamunicipal.com.ar\/argentina\/542-cree-macri-mentiroso-la-corrupcion-la-principal-preocupacion\/","title":{"rendered":"El 54,2% cree que Macri es un \u00abmentiroso\u00bb y que la corrupci\u00f3n es la principal preocupaci\u00f3n"},"content":{"rendered":"<p>De acuerdo a una encuesta realizada este mes, el 54,2% de los argentinos no cree en la palabra del presidente Mauricio Macri, a la vez que la corrupci\u00f3n y la pobreza se ubican entre las principales preocupaciones. En tanto, en el \u00e1mbito electoral, Cristina Fern\u00e1ndez y Elisa Carri\u00f3 se posicionan como las mejores candidatas.<\/p>\n<p>La consultora Gustavo C\u00f3rdoba y Asociados difundi\u00f3 hoy una encuesta de 600 casos realizados entre el 30 de marzo y el 2 de abril en el \u00e1mbito bonaerense. De acuerdo a ella, el 21,60% de las personas cree que la corrupci\u00f3n es la principal preocupaci\u00f3n de la actualidad, mientras que la pobreza desvela al 19,20% y la educaci\u00f3n al 19,10%.<\/p>\n<p>En tanto, y consultados sobre la aprobaci\u00f3n del Gobierno nacional, el 41,3% de las personas desaprueba totalmente la gesti\u00f3n macrista, frente a 24,3% que aprueba algo y el 21,7% que aprueba totalmente a la alianza Cambiemos.<\/p>\n<p>Asimismo, y luego de un a\u00f1o y medio de Gobierno, el 54,2% de los encuestados no cree en la palabra del presidente de la Naci\u00f3n, frente al 38,7% que s\u00ed le cree.<\/p>\n<p>Por otra parte, y meti\u00e9ndose en el \u00e1mbito electoral, Gustavo C\u00f3rdoba y Asociados consultaron sobre a qui\u00e9n votar\u00edan para ocupar un cargo de senador nacional, el 41% de los votantes elegir\u00eda a Cristina Fern\u00e1ndez, mientras que el32,1% optar\u00eda por Elisa Carri\u00f3. En tercer lugar se ubica Sergio Massa con el 16,3%.<\/p>\n<p>En esta l\u00ednea, y al analizar f\u00f3rmulas para diputados y senadores nacionales, de no presentarse Cristina Fern\u00e1ndez, el oficialismo tomar\u00eda el podio. Elisa Carri\u00f3 y Jorge Macri sacar\u00edan el 30,7%, mientras que Florencio Randazzo y Juli\u00e1n Dom\u00ednguez alcanzar\u00edan el segundo puesto con 29,1% y m\u00e1s atr\u00e1s Sergio Massa y Margarita Stolbizer con el 15,3%.<\/p>\n<h6>Fuente: Infocielo<\/h6>\n","protected":false},"excerpt":{"rendered":"<p>De acuerdo a una encuesta realizada este mes, el 54,2% de los argentinos no cree en la palabra del presidente Mauricio Macri, a la vez que la corrupci\u00f3n y la pobreza se ubican entre las principales preocupaciones.<\/p>\n","protected":false},"author":2,"featured_media":61593,"comment_status":"closed","ping_status":"closed","sticky":false,"template":"","format":"standard","meta":{"footnotes":""},"categories":[8],"tags":[21],"class_list":["post-61592","post","type-post","status-publish","format-standard","has-post-thumbnail","hentry","category-informe-nacional","tag-argentina"],"_links":{"self":[{"href":"http:\/\/argentinamunicipal.com.ar\/argentina\/wp-json\/wp\/v2\/posts\/61592","targetHints":{"allow":["GET"]}}],"collection":[{"href":"http:\/\/argentinamunicipal.com.ar\/argentina\/wp-json\/wp\/v2\/posts"}],"about":[{"href":"http:\/\/argentinamunicipal.com.ar\/argentina\/wp-json\/wp\/v2\/types\/post"}],"author":[{"embeddable":true,"href":"http:\/\/argentinamunicipal.com.ar\/argentina\/wp-json\/wp\/v2\/users\/2"}],"replies":[{"embeddable":true,"href":"http:\/\/argentinamunicipal.com.ar\/argentina\/wp-json\/wp\/v2\/comments?post=61592"}],"version-history":[{"count":0,"href":"http:\/\/argentinamunicipal.com.ar\/argentina\/wp-json\/wp\/v2\/posts\/61592\/revisions"}],"wp:featuredmedia":[{"embeddable":true,"href":"http:\/\/argentinamunicipal.com.ar\/argentina\/wp-json\/wp\/v2\/media\/61593"}],"wp:attachment":[{"href":"http:\/\/argentinamunicipal.com.ar\/argentina\/wp-json\/wp\/v2\/media?parent=61592"}],"wp:term":[{"taxonomy":"category","embeddable":true,"href":"http:\/\/argentinamunicipal.com.ar\/argentina\/wp-json\/wp\/v2\/categories?post=61592"},{"taxonomy":"post_tag","embeddable":true,"href":"http:\/\/argentinamunicipal.com.ar\/argentina\/wp-json\/wp\/v2\/tags?post=61592"}],"curies":[{"name":"wp","href":"https:\/\/api.w.org\/{rel}","templated":true}]}}