{"id":61595,"date":"2017-04-12T07:15:52","date_gmt":"2017-04-12T10:15:52","guid":{"rendered":"http:\/\/argentinamunicipal.com.ar\/argentina\/?p=61595"},"modified":"2017-04-12T07:15:52","modified_gmt":"2017-04-12T10:15:52","slug":"38-los-adultos-mayores-no-llega-fin-mes-la-mayoria-vive-conurbano","status":"publish","type":"post","link":"http:\/\/argentinamunicipal.com.ar\/argentina\/38-los-adultos-mayores-no-llega-fin-mes-la-mayoria-vive-conurbano\/","title":{"rendered":"El 38% de los adultos mayores no llega a fin de mes, la mayor\u00eda vive en el conurbano"},"content":{"rendered":"<p>La investigaci\u00f3n, presentada hoy en el auditorio de la Fundaci\u00f3n Navarro Viola, \u201chace referencia al nivel cr\u00edtico de carencias econ\u00f3micas que padece parte de este grupo etario\u201d.<\/p>\n<p>Seg\u00fan un nuevo informe del Observatorio Social de la Universidad Cat\u00f3lica Argentina y la Fundaci\u00f3n Navarro Viola, el 38 por ciento de las personas mayores considera que sus recursos econ\u00f3micos no le alcanzan para vivir.<\/p>\n<p>La presentaci\u00f3n de \u201cLos Problemas econ\u00f3micos de las Personas Mayores: una aproximaci\u00f3n a las m\u00faltiples dimensiones de su vulnerabilidad\u201d, en el auditorio de la Fundaci\u00f3n Navarro Viola \u00abhace referencia al nivel cr\u00edtico de carencias econ\u00f3micas que padece parte de este grupo etario\u201d.<\/p>\n<p>\u201cLa inseguridad alimentaria, la desprotecci\u00f3n social y la insuficiencia de ingresos se constituyen en situaciones que requieren especial atenci\u00f3n en el caso de personas de 60 a\u00f1os y m\u00e1s\u201d, manifiest\u00f3 el equipo de investigadores.<\/p>\n<p>En di\u00e1logo con Qm Noticias, la directora ejecutiva de la fundaci\u00f3n, In\u00e9s Castro Almeyra, explic\u00f3 que \u201cno hay una sola vejez, hay vejeces\u201d ya que a ra\u00edz de sus investigaciones han descubierto que las situaciones de los adultos mayores distan mucho entre s\u00ed.<\/p>\n<p>En este sentido, reflexion\u00f3 que, si bien \u201ccuando uno cumple una edad avanzada, los desaf\u00edos son mayores\u201d, se han sorprendido con varias \u201ccifras positivas\u201d. \u201cM\u00e1s del 60 por ciento de las personas en Argentina son autov\u00e1lidas: se cuidan a s\u00ed mismas y pueden cuidar a otros\u201d, se\u00f1al\u00f3 y agreg\u00f3: \u201cTambi\u00e9n nos dio un porcentaje muy alto de personas mayores que son felices\u201d.<\/p>\n<p>Como contracara, indic\u00f3: \u201cEl 50 por ciento de las personas mayores no se sienten valoradas o tenidas en cuenta\u201d.<\/p>\n<p>En el marco de esta dualidad, la especialista hizo hincapi\u00e9 en que, por un lado, \u201chay muchas personas mayores que son activas, que tienen ganas de seguir aportando, que quieren participar, que no quieren que las dejemos en casa mirando tele\u201d y a su vez \u201chay otro grupo al que le est\u00e1 costando mucho llegar a fin de mes y se le hace m\u00e1s dif\u00edcil acceder a la salud o tener un proyecto de vida\u201d.<\/p>\n<p>Seg\u00fan datos del informe, la mayor\u00eda de los encuestados\u00a0que dijeron percibir\u00a0ingresos insuficientes vive en barrios del conurbano bonaerense. Adem\u00e1s, m\u00e1s del 60 por ciento sufre d\u00e9ficit habitacional y ocho de cada diez no termin\u00f3 la escuela secundaria.<\/p>\n<p>Por \u00faltimo, Almeyra destac\u00f3 la importancia del compromiso de los municipios para llevar adelante pol\u00edticas que contengan a los mayores de 60 a\u00f1os. \u201cSon uno de los principales actores que pueden hacer una diferencia, porque son los que est\u00e1n m\u00e1s cerca\u201d.<\/p>\n<h6>Fuente: InfoCielo<\/h6>\n","protected":false},"excerpt":{"rendered":"<p>La investigaci\u00f3n, presentada hoy en el auditorio de la Fundaci\u00f3n Navarro Viola, \u201chace referencia al nivel cr\u00edtico de carencias econ\u00f3micas que padece parte de este grupo etario\u201d. <\/p>\n","protected":false},"author":2,"featured_media":61596,"comment_status":"closed","ping_status":"closed","sticky":false,"template":"","format":"standard","meta":{"footnotes":""},"categories":[8],"tags":[21],"class_list":["post-61595","post","type-post","status-publish","format-standard","has-post-thumbnail","hentry","category-informe-nacional","tag-argentina"],"_links":{"self":[{"href":"http:\/\/argentinamunicipal.com.ar\/argentina\/wp-json\/wp\/v2\/posts\/61595","targetHints":{"allow":["GET"]}}],"collection":[{"href":"http:\/\/argentinamunicipal.com.ar\/argentina\/wp-json\/wp\/v2\/posts"}],"about":[{"href":"http:\/\/argentinamunicipal.com.ar\/argentina\/wp-json\/wp\/v2\/types\/post"}],"author":[{"embeddable":true,"href":"http:\/\/argentinamunicipal.com.ar\/argentina\/wp-json\/wp\/v2\/users\/2"}],"replies":[{"embeddable":true,"href":"http:\/\/argentinamunicipal.com.ar\/argentina\/wp-json\/wp\/v2\/comments?post=61595"}],"version-history":[{"count":0,"href":"http:\/\/argentinamunicipal.com.ar\/argentina\/wp-json\/wp\/v2\/posts\/61595\/revisions"}],"wp:featuredmedia":[{"embeddable":true,"href":"http:\/\/argentinamunicipal.com.ar\/argentina\/wp-json\/wp\/v2\/media\/61596"}],"wp:attachment":[{"href":"http:\/\/argentinamunicipal.com.ar\/argentina\/wp-json\/wp\/v2\/media?parent=61595"}],"wp:term":[{"taxonomy":"category","embeddable":true,"href":"http:\/\/argentinamunicipal.com.ar\/argentina\/wp-json\/wp\/v2\/categories?post=61595"},{"taxonomy":"post_tag","embeddable":true,"href":"http:\/\/argentinamunicipal.com.ar\/argentina\/wp-json\/wp\/v2\/tags?post=61595"}],"curies":[{"name":"wp","href":"https:\/\/api.w.org\/{rel}","templated":true}]}}