{"id":61598,"date":"2017-04-12T07:21:36","date_gmt":"2017-04-12T10:21:36","guid":{"rendered":"http:\/\/argentinamunicipal.com.ar\/argentina\/?p=61598"},"modified":"2017-04-12T07:21:36","modified_gmt":"2017-04-12T10:21:36","slug":"parar-la-sangria-empleo","status":"publish","type":"post","link":"http:\/\/argentinamunicipal.com.ar\/argentina\/parar-la-sangria-empleo\/","title":{"rendered":"\u201cTiene que parar la sangr\u00eda de empleo\u201d"},"content":{"rendered":"<p>La dirigencia de la CGT sigui\u00f3 analizando ayer el impacto del paro general del jueves pasado: \u201cEsperamos que el Gobierno tome nota de lo que ocurri\u00f3\u201d, plantearon. El 20 de abril sesionar\u00e1 el consejo directivo y se evaluar\u00e1n las futuras medidas.<\/p>\n<p>No ser\u00e1n los tiempos del Vaticano, pero la CGT est\u00e1 todav\u00eda analizando los alcances del paro del pasado 6 de abril y reci\u00e9n la semana que viene se ocupar\u00e1 de \u201clos pasos a seguir\u201d. Ayer, la mesa chica de la central obrera eligi\u00f3 la sede de UPCN para hacer una evaluaci\u00f3n un tanto m\u00e1s detallada que incluy\u00f3, como afirm\u00f3 el triunviro Juan Carlos Schmid, los futuros movimientos. Seg\u00fan los dirigentes sindicales, esta estrategia se delinear\u00e1 el pr\u00f3ximo 20 de abril cuando se re\u00fana el consejo directivo.<\/p>\n<p>Al encuentro llegaron, adem\u00e1s de Schmid, H\u00e9ctor Daer, Carlos Acu\u00f1a, Andr\u00e9s Rodr\u00edguez (titular de UPCN y due\u00f1o de casa), Roberto Fern\u00e1ndez (de UTA), Gerardo Mart\u00ednez (Uocra), Omar Maturano (La Fraternidad), Jos\u00e9 Luis Lingeri (Obras Sanitarias), Armando Cavalieri (Comercio), Jorge Sola (Seguros) y el secretario adjunto de Camioneros, Pablo Moyano.<\/p>\n<p>La mayor\u00eda de los participantes reconocieron que todav\u00eda no hubo contactos con el Gobierno. \u201cSeguramente el Gobierno ir\u00e1 a convocar\u201d, dijo Schmid. En ese marco y sin fecha probable, el secretario general de Dragado y Balizamiento especul\u00f3 que es posible que el encuentro se realice la pr\u00f3xima semana porque \u201cesta es corta\u201d. Si bien el integrante del triunvirato indic\u00f3 que \u201clas razones y los reclamos que estuvieron presentes el 6 de abril no han cambiado\u201d, nada dijo sobre cu\u00e1les pueden ser los pr\u00f3ximos pasos o, como se estila en el mundo sindical, el plan de lucha de la central obrera. Los participantes del c\u00f3nclave evitaron pronunciarse sobre este punto. En todo caso, dejaron al secretario de prensa de la central obrera la responsabilidad de hacer trascender la versi\u00f3n oficial de lo conversado.<\/p>\n<p>Esa tarea le cupo a Sola, quien dijo que la conducci\u00f3n cegetista \u201cespera que el Gobierno tome nota de lo que ocurri\u00f3\u201d y para graficarlo recurri\u00f3 a m\u00e9todos del universo macrista: \u201cEl d\u00eda del paro tocamos timbre durante 24 horas y esperamos a ver c\u00f3mo reaccionan\u201d.<\/p>\n<p>Sola, a la saz\u00f3n titular del gremio de Seguros, dijo que los informes recibidos por las diferentes regionales coinciden con el calificativo que el triunvirato utiliz\u00f3 el mismo d\u00eda del paro: \u201ccontundente\u201d. Por otra parte, coincidi\u00f3 con Schmid a la hora de se\u00f1alar que las razones que llevaron a la medida de fuerza se mantienen \u201cinamovibles\u201d y advirti\u00f3 que \u201cnecesitamos que se pare la sangr\u00eda de empleo, que empiece a generarse mejor y mayor trabajo, que se ataque el empleo en negro y la pobreza, y que se mire con especial atenci\u00f3n la situaci\u00f3n de los jubilados\u201d.<\/p>\n<p>En rigor, al \u00fanico de los secretarios generales que se le escap\u00f3 algo sobre la reacci\u00f3n del Gobierno fue a Lingeri. El hombre fuerte de Obras Sanitarias dijo que \u201chubo contactos informales\u201d con la Rosada y de inmediato hizo mutis por el foro. Una frase que oblig\u00f3 a Sola a reconocerlos pero advirti\u00f3 que toda reuni\u00f3n que se concrete se hace \u201ccon la CGT por detr\u00e1s\u201d. En ese sentido, Schmid coincidi\u00f3 con su colega cuando dijo que la central obrera \u201cno va a abandonar su estrategia de conjunto\u201d.<\/p>\n<p>Sobre la intenci\u00f3n del Gobierno de avanzar con la \u201ctransparencia\u201d y la \u201cdemocratizaci\u00f3n\u201d de los sindicatos, a trav\u00e9s del voto electr\u00f3nico y de limitar los mandatos, Schmid record\u00f3 que la Argentina es signataria de convenios internacionales \u201cque hay que cumplir y nuestro pa\u00eds los est\u00e1 cumpliendo, as\u00ed que hay alguna contradicci\u00f3n en esto. Adem\u00e1s es bastante sugerente que aparezca despu\u00e9s de la medida de fuerza\u201d, se\u00f1al\u00f3.<\/p>\n<p>Con respecto al resultado de las paritarias, el titular del gremio de Seguros asegur\u00f3 que \u201cel techo que impon\u00eda e impulsaba el Gobierno ya ha sido perforado. Nadie firma por el 18 por ciento\u201d, dijo. Incluso se anim\u00f3 a pronosticar que aquellas paritarias que se cierren a partir de mayo tendr\u00e1n un acuerdo que ronde el 25 por ciento debido a la ca\u00edda de la econom\u00eda.<\/p>\n<h6>Fuente: P\u00e1gina 12<\/h6>\n","protected":false},"excerpt":{"rendered":"<p>La dirigencia de la CGT sigui\u00f3 analizando ayer el impacto del paro general del jueves pasado: \u201cEsperamos que el Gobierno tome nota de lo que ocurri\u00f3\u201d, plantearon. El 20 de abril sesionar\u00e1 el consejo directivo y se evaluar\u00e1n las futuras medidas.<\/p>\n","protected":false},"author":2,"featured_media":61599,"comment_status":"closed","ping_status":"closed","sticky":false,"template":"","format":"standard","meta":{"footnotes":""},"categories":[8],"tags":[21],"class_list":["post-61598","post","type-post","status-publish","format-standard","has-post-thumbnail","hentry","category-informe-nacional","tag-argentina"],"_links":{"self":[{"href":"http:\/\/argentinamunicipal.com.ar\/argentina\/wp-json\/wp\/v2\/posts\/61598","targetHints":{"allow":["GET"]}}],"collection":[{"href":"http:\/\/argentinamunicipal.com.ar\/argentina\/wp-json\/wp\/v2\/posts"}],"about":[{"href":"http:\/\/argentinamunicipal.com.ar\/argentina\/wp-json\/wp\/v2\/types\/post"}],"author":[{"embeddable":true,"href":"http:\/\/argentinamunicipal.com.ar\/argentina\/wp-json\/wp\/v2\/users\/2"}],"replies":[{"embeddable":true,"href":"http:\/\/argentinamunicipal.com.ar\/argentina\/wp-json\/wp\/v2\/comments?post=61598"}],"version-history":[{"count":0,"href":"http:\/\/argentinamunicipal.com.ar\/argentina\/wp-json\/wp\/v2\/posts\/61598\/revisions"}],"wp:featuredmedia":[{"embeddable":true,"href":"http:\/\/argentinamunicipal.com.ar\/argentina\/wp-json\/wp\/v2\/media\/61599"}],"wp:attachment":[{"href":"http:\/\/argentinamunicipal.com.ar\/argentina\/wp-json\/wp\/v2\/media?parent=61598"}],"wp:term":[{"taxonomy":"category","embeddable":true,"href":"http:\/\/argentinamunicipal.com.ar\/argentina\/wp-json\/wp\/v2\/categories?post=61598"},{"taxonomy":"post_tag","embeddable":true,"href":"http:\/\/argentinamunicipal.com.ar\/argentina\/wp-json\/wp\/v2\/tags?post=61598"}],"curies":[{"name":"wp","href":"https:\/\/api.w.org\/{rel}","templated":true}]}}