{"id":61624,"date":"2017-04-12T08:15:10","date_gmt":"2017-04-12T11:15:10","guid":{"rendered":"http:\/\/argentinamunicipal.com.ar\/argentina\/?p=61624"},"modified":"2017-04-12T08:15:10","modified_gmt":"2017-04-12T11:15:10","slug":"municipio-remodelara-area-central-la-ciudad-parana","status":"publish","type":"post","link":"http:\/\/argentinamunicipal.com.ar\/argentina\/municipio-remodelara-area-central-la-ciudad-parana\/","title":{"rendered":"El Municipio remodelar\u00e1 el \u00e1rea central de la ciudad de Paran\u00e1"},"content":{"rendered":"<p>El proyecto fue presentado oficialmente este martes por el intendente Sergio Varisco \u2022 Las obras incluir\u00e1n la Peatonal San Mart\u00edn, como eje, e incluir\u00e1 el denominado \u201cCircuito de las Siete Plazas\u201d \u2022 El monto oficial de inversi\u00f3n ronda los 80 millones de pesos y tiene un plazo de ejecuci\u00f3n de 10 meses a partir de la adjudicaci\u00f3n de la obra<\/p>\n<p>El intendente de Paran\u00e1 Sergio Varisco present\u00f3 este martes el plan de Remodelaci\u00f3n del \u00c1rea Central de la ciudad de Paran\u00e1, que incluye una puesta en valor en una primera etapa de sectores hist\u00f3ricos como la Peatonal San Mart\u00edn, que cumple 30 a\u00f1os, y que fuera inaugurada por el intendente Humberto Cayetano Varisco durante su primera gesti\u00f3n de gobierno.<\/p>\n<p>La primera etapa incluye la puesta en valor de la Peatonal San Mart\u00edn desde Gualeguaych\u00fa hasta calle Gardel, incluyendo las Plazas 1\u00ba de Mayo, Alvear y las semipeatonales existentes, entre otros lugares.<\/p>\n<p>Varisco, puso en relieve la importancia de los trabajos para los vecinos y para el comercio, al se\u00f1alar: \u201cCreemos que ha sufrido un serio deterioro, por eso presentamos un modelo de peatonal con muchas m\u00e1s \u00e1reas para caminar, nueva iluminaci\u00f3n, piso y fundamentalmente uniendo las plaza 1\u00ba de Mayo, Alvear y Mansilla. Es una obra muy ambiciosa que luego de un proceso de consulta a la comunidad se licitar\u00e1, y a partir de su adjudicaci\u00f3n tendr\u00e1 un plazo de ejecuci\u00f3n de 10 meses\u201d.<\/p>\n<p>El Jefe comunal indic\u00f3 que \u201cla idea de la obra es darle continuidad a dos sectores urbanos, en una primera etapa unir las dos plazas -1\u00ba de Mayo y Alvear- y darle continuidad a la peatonal. A su vez, se busca vincular al shopping La Paz y establecer dos bloques sanitarios con accesibilidad para discapacitados, se\u00f1al\u00e9tica e informaci\u00f3n sobre todo lo que hay en el camino que a nivel patrimonial e hist\u00f3rico es muy importante\u201d.<\/p>\n<p>En el acto de presentaci\u00f3n, el Intendente estuvo acompa\u00f1ado por Enrique Mirich, representando al Centro Comercial e Industrial de Paran\u00e1; el empresario Daniel Brahim del Shopping La Paz; el subsecretario de Planeamiento, Adri\u00e1n Bassi, y su equipo de trabajo. Adem\u00e1s, participaron los secretarios de Medios y Comunicaci\u00f3n Ciudadana, Jos\u00e9 Escobar; Legal y T\u00e9cnico, Walter Rolandelli; General y de DDHH, Eduardo Solari; y el concejal Carlos Gonz\u00e1lez (Cambiemos).<\/p>\n<p>\u2022 Lugares hist\u00f3ricos<\/p>\n<p>Seg\u00fan el criterio de Planeamiento de la Municipalidad, existe atractivo suficiente para potenciar la vida peatonal en las plazas 1\u00b0 de Mayo, Alvear, Mansilla y Carb\u00f3, as\u00ed como la zona de los museos de la Ciudad, Hist\u00f3rico, de Bellas Artes, de Ciencias Naturales y del Bicentenario, iglesias, zonas residenciales como la de Alameda de la Federaci\u00f3n y Bajada de los Vascos, \u00e1rea hist\u00f3rica como Puerto Viejo, y plazas y plazoletas en el extremo oeste del Parque Urquiza. Sumando las plazas Sarmiento (en Alameda de la Federaci\u00f3n y Tucum\u00e1n) y la de las Naciones, se dar\u00e1 forma al Circuito de las Siete Plazas.<\/p>\n<p>Un extenso itinerario peatonal ser\u00e1 conformado entre estos hitos e instituciones urbanas a manera de paso inicial del proyecto de reivindicaci\u00f3n de la vida peatonal.<\/p>\n<p>\u2022 Detalle de cada obra<\/p>\n<p>En la concepci\u00f3n del proyecto se propone liberar el espacio central de la peatonal para permitir una mayor fluidez en la circulaci\u00f3n y movimientos permitiendo, adem\u00e1s, el ingreso eventual de veh\u00edculos de emergencia. Para esto se plantea la reubicaci\u00f3n de las palmeras existentes, luminarias, equipamiento urbano; puestos de vigilancia y puestos de venta de flores, artesan\u00edas regionales; diarios y revistas, los cuales a su vez ser\u00e1n redise\u00f1ados. Asimismo se incorporar\u00e1n bebederos y n\u00facleos sanitarios.<\/p>\n<p>En la Plaza 1\u00ba de Mayo se propone la renovaci\u00f3n del solado y redise\u00f1o de los canteros y taludes internos. En plaza Alvear con este mismo criterio se nivelar\u00e1n calle Laprida y Buenos Aires proyectando en calle Buenos Aires, frente al Museo de Bellas Artes una explanada. Al igual que en plaza de Mayo se renovar\u00e1 el solado y se redise\u00f1ar\u00e1 la jardiner\u00eda y las especies vegetales ornamentales.<\/p>\n<p>En las semipeatonales, se respetar\u00e1 la traza existente, procedi\u00e9ndose a la renovaci\u00f3n de los pisos, elimin\u00e1ndose todos los obst\u00e1culos existentes tales como canteros elevados; bancos y vegetaci\u00f3n a excepci\u00f3n de las palmeras.<\/p>\n<p>Esta obra, adem\u00e1s de generar un impacto visual permitir\u00e1 la mejora y renovaci\u00f3n de la infraestructura de cloacas, red de agua corriente, red el\u00e9ctrica, alumbrado p\u00fablico y semaforizaci\u00f3n, telefon\u00eda, televisi\u00f3n por cable; gas y desag\u00fces pluviales.<\/p>\n<h6>Fuente: APF Digital<\/h6>\n","protected":false},"excerpt":{"rendered":"<p>El proyecto fue presentado oficialmente este martes por el intendente Sergio Varisco \u2022 Las obras incluir\u00e1n la Peatonal San Mart\u00edn, como eje, e incluir\u00e1 el denominado \u201cCircuito de las Siete Plazas\u201d<\/p>\n","protected":false},"author":2,"featured_media":61625,"comment_status":"closed","ping_status":"closed","sticky":false,"template":"","format":"standard","meta":{"footnotes":""},"categories":[2],"tags":[17],"class_list":["post-61624","post","type-post","status-publish","format-standard","has-post-thumbnail","hentry","category-informe-municipal","tag-entre-rios"],"_links":{"self":[{"href":"http:\/\/argentinamunicipal.com.ar\/argentina\/wp-json\/wp\/v2\/posts\/61624","targetHints":{"allow":["GET"]}}],"collection":[{"href":"http:\/\/argentinamunicipal.com.ar\/argentina\/wp-json\/wp\/v2\/posts"}],"about":[{"href":"http:\/\/argentinamunicipal.com.ar\/argentina\/wp-json\/wp\/v2\/types\/post"}],"author":[{"embeddable":true,"href":"http:\/\/argentinamunicipal.com.ar\/argentina\/wp-json\/wp\/v2\/users\/2"}],"replies":[{"embeddable":true,"href":"http:\/\/argentinamunicipal.com.ar\/argentina\/wp-json\/wp\/v2\/comments?post=61624"}],"version-history":[{"count":0,"href":"http:\/\/argentinamunicipal.com.ar\/argentina\/wp-json\/wp\/v2\/posts\/61624\/revisions"}],"wp:featuredmedia":[{"embeddable":true,"href":"http:\/\/argentinamunicipal.com.ar\/argentina\/wp-json\/wp\/v2\/media\/61625"}],"wp:attachment":[{"href":"http:\/\/argentinamunicipal.com.ar\/argentina\/wp-json\/wp\/v2\/media?parent=61624"}],"wp:term":[{"taxonomy":"category","embeddable":true,"href":"http:\/\/argentinamunicipal.com.ar\/argentina\/wp-json\/wp\/v2\/categories?post=61624"},{"taxonomy":"post_tag","embeddable":true,"href":"http:\/\/argentinamunicipal.com.ar\/argentina\/wp-json\/wp\/v2\/tags?post=61624"}],"curies":[{"name":"wp","href":"https:\/\/api.w.org\/{rel}","templated":true}]}}