{"id":61630,"date":"2017-04-12T08:20:58","date_gmt":"2017-04-12T11:20:58","guid":{"rendered":"http:\/\/argentinamunicipal.com.ar\/argentina\/?p=61630"},"modified":"2017-04-12T08:20:58","modified_gmt":"2017-04-12T11:20:58","slug":"alerta-para-el-empleo","status":"publish","type":"post","link":"http:\/\/argentinamunicipal.com.ar\/argentina\/alerta-para-el-empleo\/","title":{"rendered":"Alerta para el empleo"},"content":{"rendered":"<p>Por Paula Espa\u00f1ol<br \/>\nLa postergada reactivaci\u00f3n econ\u00f3mica y el impacto del sostenido ingreso de importaciones son los factores claves que explican la tendencia a la precarizaci\u00f3n del mercado laboral del \u00faltimo a\u00f1o. En efecto, los datos publicados recientemente por el Ministerio de Trabajo (correspondientes a enero de 2017) muestran el deterioro de las condiciones laborales, la destrucci\u00f3n de puestos de trabajo a nivel federal y una sostenida p\u00e9rdida de empleo del sector industrial.<\/p>\n<p>Para empezar, desde noviembre de 2015, el sector privado destruy\u00f3 empleo asalariado (-69.455) al mismo tiempo que creci\u00f3 la masa de monotributistas y aut\u00f3nomos (+74.049). Esto es un reflejo de la precarizaci\u00f3n en el mercado de trabajo ya que esta modalidad ocupacional refleja reg\u00edmenes tributarios que suelen esconder formas de contrataci\u00f3n informales, con menores niveles de protecci\u00f3n social.<\/p>\n<p>La din\u00e1mica de los \u00faltimos meses del sector asalariado privado es similar a lo que se observa en t\u00e9rminos de actividad econ\u00f3mica. Si bien se detuvo la destrucci\u00f3n de puestos de trabajo asalariados, a\u00fan no se evidencia una recuperaci\u00f3n del mercado laboral. De los 82.000 empleos perdidos entre noviembre de 2015 y junio 2016, se recuperaron en t\u00e9rminos desestacionalizados tan s\u00f3lo 11.965 en el segundo semestre (inlcuyendo enero 2017). De hecho, en este \u00faltimo mes se sumaron apenas 1.800 puestos de trabajo al sector asalariado. Por lo tanto, de seguir este ritmo reci\u00e9n en mayo de 2018 se recuperar\u00eda el nivel previo.<\/p>\n<p>Otro elemento a destacar es el impacto federal que muestra esta situaci\u00f3n del mercado laboral. Entre noviembre de 2015 y enero de 2017, 19 de las 24 provincias destruyeron empleo privado asalariado registrado. Chubut, Santiago del Estero, R\u00edo Negro, Misiones, Catamarca, Formosa, San Luis, Santa Cruz y Tierra del Fuego exhiben la mayor ca\u00edda desde 2002. Este problema se ve acentuado por la delicada situaci\u00f3n que enfrenta la industria manufacturera en particular, fuente principal de empleo privado registrado en varias de las provincias m\u00e1s afectadas.<\/p>\n<p>Este fen\u00f3meno territorial se ve opacado en provincias con mayor densidad poblacional y productiva, como Santa Fe, Buenos Aires o C\u00f3rdoba, ya que en los c\u00e1lculos agregados se pierde de vista que determinadas plantas productivas son la principal fuente de empleo en localidades al interior de dichas provincias. Se encuentran ejemplos en el sector del calzado en Las Flores, Chivilcoy, Coronel Su\u00e1rez en Buenos Aires, o Acebal en Santa Fe; o para el complejo de la metalmec\u00e1nica, en localidades como Villa Gobernador G\u00e1lvez, Las Parejas, Firmat, Luque, entre otras).<\/p>\n<p>Por \u00faltimo, una caracter\u00edstica fundamental es la distribuci\u00f3n sectorial de la p\u00e9rdida de puestos de trabajo. Los sectores que m\u00e1s destruyeron empleo fueron construcci\u00f3n (-25.000) e industria (-51.000). En la construcci\u00f3n, cierta recuperaci\u00f3n de la obra p\u00fablica gener\u00f3 que se haya dejado de destruir empleo y se recupere, tan s\u00f3lo parte, del terreno perdido durante los \u00faltimos meses. En cambio, en la industria la p\u00e9rdida de puestos de trabajo no se detiene y acumula 14 meses de ca\u00edda consecutiva. Este din\u00e1mica contractiva del empleo se observa no s\u00f3lo en los sectores mano de obra intensivos, sino tambi\u00e9n en el complejo automotor-autopartista, en el sider\u00fargico-metalmec\u00e1nico e incluso en el rubro de alimentos y bebidas. A esta situaci\u00f3n en la industria se debe sumar el efecto multiplicador en otros sectores, ya que un trabajador en el \u00e1mbito manufacturero suele generar otros 2 o 3 empleos en el resto de la econom\u00eda.<\/p>\n<p>En s\u00edntesis, la din\u00e1mica en el mercado de trabajo aqu\u00ed descripta es un reflejo m\u00e1s de un modelo econ\u00f3mico que parece no tener a la producci\u00f3n y el empleo en su radar, y cuyos resultados comienzan a estar a la vista.<\/p>\n<p>* Directora de Radar Consultora.<br \/>\nEx subsecretaria de Comercio Exterior.<\/p>\n<h6>Fuente: P\u00e1gina 12<\/h6>\n","protected":false},"excerpt":{"rendered":"<p>La postergada reactivaci\u00f3n econ\u00f3mica y el impacto del sostenido ingreso de importaciones son los factores claves que explican la tendencia a la precarizaci\u00f3n del mercado laboral del \u00faltimo a\u00f1o.<\/p>\n","protected":false},"author":2,"featured_media":61631,"comment_status":"closed","ping_status":"closed","sticky":false,"template":"","format":"standard","meta":{"footnotes":""},"categories":[6],"tags":[21],"class_list":["post-61630","post","type-post","status-publish","format-standard","has-post-thumbnail","hentry","category-opiniones","tag-argentina"],"_links":{"self":[{"href":"http:\/\/argentinamunicipal.com.ar\/argentina\/wp-json\/wp\/v2\/posts\/61630","targetHints":{"allow":["GET"]}}],"collection":[{"href":"http:\/\/argentinamunicipal.com.ar\/argentina\/wp-json\/wp\/v2\/posts"}],"about":[{"href":"http:\/\/argentinamunicipal.com.ar\/argentina\/wp-json\/wp\/v2\/types\/post"}],"author":[{"embeddable":true,"href":"http:\/\/argentinamunicipal.com.ar\/argentina\/wp-json\/wp\/v2\/users\/2"}],"replies":[{"embeddable":true,"href":"http:\/\/argentinamunicipal.com.ar\/argentina\/wp-json\/wp\/v2\/comments?post=61630"}],"version-history":[{"count":0,"href":"http:\/\/argentinamunicipal.com.ar\/argentina\/wp-json\/wp\/v2\/posts\/61630\/revisions"}],"wp:featuredmedia":[{"embeddable":true,"href":"http:\/\/argentinamunicipal.com.ar\/argentina\/wp-json\/wp\/v2\/media\/61631"}],"wp:attachment":[{"href":"http:\/\/argentinamunicipal.com.ar\/argentina\/wp-json\/wp\/v2\/media?parent=61630"}],"wp:term":[{"taxonomy":"category","embeddable":true,"href":"http:\/\/argentinamunicipal.com.ar\/argentina\/wp-json\/wp\/v2\/categories?post=61630"},{"taxonomy":"post_tag","embeddable":true,"href":"http:\/\/argentinamunicipal.com.ar\/argentina\/wp-json\/wp\/v2\/tags?post=61630"}],"curies":[{"name":"wp","href":"https:\/\/api.w.org\/{rel}","templated":true}]}}