{"id":61633,"date":"2017-04-12T06:21:25","date_gmt":"2017-04-12T09:21:25","guid":{"rendered":"http:\/\/argentinamunicipal.com.ar\/argentina\/?p=61633"},"modified":"2017-04-12T08:23:20","modified_gmt":"2017-04-12T11:23:20","slug":"rosario-eligieron-nuevo-diseno-exterior-los-silos-davis","status":"publish","type":"post","link":"http:\/\/argentinamunicipal.com.ar\/argentina\/rosario-eligieron-nuevo-diseno-exterior-los-silos-davis\/","title":{"rendered":"Rosario: Eligieron el nuevo dise\u00f1o para el exterior de los silos Davis"},"content":{"rendered":"<p>El proyecto realizado por Juan Esteban Maurino, Ezequiel Dicrist\u00f3faro y Maite P\u00e9rez Pereyra fue elegido para cambiar, por tercera vez desde 2003, el dise\u00f1o exterior de los silos Davis que contienen al Museo de Arte Contempor\u00e1neo de Rosario (Macro).<\/p>\n<p>El proyecto realizado por Juan Esteban Maurino, Ezequiel Dicrist\u00f3faro y Maite P\u00e9rez Pereyra fue elegido para cambiar, por tercera vez desde 2003, el dise\u00f1o exterior de los silos Davis que contienen al Museo de Arte Contempor\u00e1neo de Rosario (Macro). Los autores, que recibieron el primer premio entre 260 proyectos presentados, consideraron que la sede deb\u00eda \u00abresaltar su cualidad de ser un espacio de encuentro cultural dentro de la ciudad y de expresi\u00f3n art\u00edstica de la misma hacia afuera\u00bb. Seg\u00fan el secretario de Cultura, Guillermo R\u00edos, dijo que comenzar\u00e1 a pintarse \u00ablo antes posible\u00bb.<\/p>\n<h6>Fuente: La Capital Rosario<\/h6>\n","protected":false},"excerpt":{"rendered":"<p>El proyecto realizado por Juan Esteban Maurino, Ezequiel Dicrist\u00f3faro y Maite P\u00e9rez Pereyra fue elegido para cambiar, por tercera vez desde 2003, el dise\u00f1o exterior de los silos Davis que contienen al Museo de Arte Contempor\u00e1neo de Rosario (Macro).<\/p>\n","protected":false},"author":2,"featured_media":61634,"comment_status":"closed","ping_status":"closed","sticky":false,"template":"","format":"standard","meta":{"footnotes":""},"categories":[2],"tags":[10],"class_list":["post-61633","post","type-post","status-publish","format-standard","has-post-thumbnail","hentry","category-informe-municipal","tag-santa-fe"],"_links":{"self":[{"href":"http:\/\/argentinamunicipal.com.ar\/argentina\/wp-json\/wp\/v2\/posts\/61633","targetHints":{"allow":["GET"]}}],"collection":[{"href":"http:\/\/argentinamunicipal.com.ar\/argentina\/wp-json\/wp\/v2\/posts"}],"about":[{"href":"http:\/\/argentinamunicipal.com.ar\/argentina\/wp-json\/wp\/v2\/types\/post"}],"author":[{"embeddable":true,"href":"http:\/\/argentinamunicipal.com.ar\/argentina\/wp-json\/wp\/v2\/users\/2"}],"replies":[{"embeddable":true,"href":"http:\/\/argentinamunicipal.com.ar\/argentina\/wp-json\/wp\/v2\/comments?post=61633"}],"version-history":[{"count":0,"href":"http:\/\/argentinamunicipal.com.ar\/argentina\/wp-json\/wp\/v2\/posts\/61633\/revisions"}],"wp:featuredmedia":[{"embeddable":true,"href":"http:\/\/argentinamunicipal.com.ar\/argentina\/wp-json\/wp\/v2\/media\/61634"}],"wp:attachment":[{"href":"http:\/\/argentinamunicipal.com.ar\/argentina\/wp-json\/wp\/v2\/media?parent=61633"}],"wp:term":[{"taxonomy":"category","embeddable":true,"href":"http:\/\/argentinamunicipal.com.ar\/argentina\/wp-json\/wp\/v2\/categories?post=61633"},{"taxonomy":"post_tag","embeddable":true,"href":"http:\/\/argentinamunicipal.com.ar\/argentina\/wp-json\/wp\/v2\/tags?post=61633"}],"curies":[{"name":"wp","href":"https:\/\/api.w.org\/{rel}","templated":true}]}}