{"id":61659,"date":"2017-04-17T07:05:08","date_gmt":"2017-04-17T10:05:08","guid":{"rendered":"http:\/\/argentinamunicipal.com.ar\/argentina\/?p=61659"},"modified":"2017-04-17T07:05:08","modified_gmt":"2017-04-17T10:05:08","slug":"golpe-los-cientificos-denuncian-gobierno-no-cumple-acuerdo-firmado-diciembre","status":"publish","type":"post","link":"http:\/\/argentinamunicipal.com.ar\/argentina\/golpe-los-cientificos-denuncian-gobierno-no-cumple-acuerdo-firmado-diciembre\/","title":{"rendered":"Otro golpe a los cient\u00edficos: denuncian que el Gobierno no cumple el acuerdo firmado en diciembre"},"content":{"rendered":"<p>Los 500 investigadores que no pudieron ingresar al Conicet por el recorte presupuestario se ven afectados por lo que consideran un incumplimiento de las autoridades.<\/p>\n<p>En la jornada de ayer tuvo lugar la segunda reuni\u00f3n de la mesa de negociaciones formada por la Comisi\u00f3n Mixta de Seguimiento que te\u00f3ricamente deber\u00eda solucionar la situaci\u00f3n de los 500 cient\u00edficos que ten\u00edan aprobada la evaluaci\u00f3n para el ingreso a la Carrera de Investigador del CONICET, pero que no pudieron concretarlo a raz\u00f3n del recorte presupuestario que dispuso el Gobierno para el \u00e1rea.<\/p>\n<p>Tras el conflicto y las protestas generadas a fines del a\u00f1o pasado, se acord\u00f3 que a estos investigadores se les extender\u00eda su beca doctoral o posdoctoral mientras se les busca un puesto de trabajo en organismos del sistema cient\u00edfico-tecnol\u00f3gico local.<\/p>\n<p>Sin embargo, seg\u00fan inform\u00f2 la agencia TSS, dependiente de la Universidad de San Mart\u00edn, durante la reuni\u00f3n no se produjeron avances y se dijo que cada investigador deber\u00e1 negociar sus condiciones laborales con la instituci\u00f3n de la que eventualmente forme parte. Tambi\u00e9n se supo que estas instituciones, que se esperaba que recibir\u00edan una partida presupuestaria especial de la Jefatura de Gabinete de Ministros para este objetivo, no cuentan con esos fondos para absorber a los investigadores.<\/p>\n<p>\u201cLa respuesta que nos han dado hoy las autoridades del MINCYT es una declaraci\u00f3n de que piensan violar el acta de acuerdo firmada en diciembre, porque no plantean el ingreso al CONICET y tampoco que las condiciones de ingreso en otras instituciones sean las establecidas en el acta. Plantearon que los compa\u00f1eros ingresen a cualquier instituci\u00f3n sin respetar las l\u00edneas de trabajo, con contratos precarios y con salarios menores a lo establecido en el acta\u201d, explic\u00f3 a TSS Luc\u00eda Maffey, becaria doctoral del CONICET en el \u00e1rea de Biolog\u00eda y representante de J\u00f3venes Cient\u00edficos Precarizados.<\/p>\n<p>De acuerdo a la cr\u00f3nica de TSS, tras la reuni\u00f3n se realiz\u00f3 una asamblea en la explanada del MINCYT. All\u00ed se inform\u00f3 que, a cuatro meses despu\u00e9s de la firma del acta de acuerdo, no se avanz\u00f3 en propuestas concretas para el ingreso de investigadores a cargos en organismos descentralizados. Tambi\u00e9n se explic\u00f3 que posiblemente los cient\u00edficos deban ingresar con contratos anuales en car\u00e1cter de monotributistas, en caso de poder incorporarse a alguno de estos organismos.<\/p>\n<p>La pr\u00f3xima reuni\u00f3n de la Comisi\u00f3n Mixta ser\u00e1 el 9 de mayo, pero los cient\u00edficos afectados no se mostraban optimistas. \u201cEl Gobierno est\u00e1 decidido a congelar la planta CONICET. Si no presionamos activamente, esto no avanza\u201d, dijo durante la asamblea la investigadora Nuria Giniger, miembro del colectivo Cient\u00edficos y Universitarios Autoconvocados (CyUA).<\/p>\n<h6>Fuente: InfoNews<\/h6>\n","protected":false},"excerpt":{"rendered":"<p>Los 500 investigadores que no pudieron ingresar al Conicet por el recorte presupuestario se ven afectados por lo que consideran un incumplimiento de las autoridades.<\/p>\n","protected":false},"author":2,"featured_media":61660,"comment_status":"closed","ping_status":"closed","sticky":false,"template":"","format":"standard","meta":{"footnotes":""},"categories":[8],"tags":[21],"class_list":["post-61659","post","type-post","status-publish","format-standard","has-post-thumbnail","hentry","category-informe-nacional","tag-argentina"],"_links":{"self":[{"href":"http:\/\/argentinamunicipal.com.ar\/argentina\/wp-json\/wp\/v2\/posts\/61659","targetHints":{"allow":["GET"]}}],"collection":[{"href":"http:\/\/argentinamunicipal.com.ar\/argentina\/wp-json\/wp\/v2\/posts"}],"about":[{"href":"http:\/\/argentinamunicipal.com.ar\/argentina\/wp-json\/wp\/v2\/types\/post"}],"author":[{"embeddable":true,"href":"http:\/\/argentinamunicipal.com.ar\/argentina\/wp-json\/wp\/v2\/users\/2"}],"replies":[{"embeddable":true,"href":"http:\/\/argentinamunicipal.com.ar\/argentina\/wp-json\/wp\/v2\/comments?post=61659"}],"version-history":[{"count":0,"href":"http:\/\/argentinamunicipal.com.ar\/argentina\/wp-json\/wp\/v2\/posts\/61659\/revisions"}],"wp:featuredmedia":[{"embeddable":true,"href":"http:\/\/argentinamunicipal.com.ar\/argentina\/wp-json\/wp\/v2\/media\/61660"}],"wp:attachment":[{"href":"http:\/\/argentinamunicipal.com.ar\/argentina\/wp-json\/wp\/v2\/media?parent=61659"}],"wp:term":[{"taxonomy":"category","embeddable":true,"href":"http:\/\/argentinamunicipal.com.ar\/argentina\/wp-json\/wp\/v2\/categories?post=61659"},{"taxonomy":"post_tag","embeddable":true,"href":"http:\/\/argentinamunicipal.com.ar\/argentina\/wp-json\/wp\/v2\/tags?post=61659"}],"curies":[{"name":"wp","href":"https:\/\/api.w.org\/{rel}","templated":true}]}}