{"id":61662,"date":"2017-04-17T07:08:58","date_gmt":"2017-04-17T10:08:58","guid":{"rendered":"http:\/\/argentinamunicipal.com.ar\/argentina\/?p=61662"},"modified":"2017-04-17T07:08:58","modified_gmt":"2017-04-17T10:08:58","slug":"la-sintonia-fina-los-despidos-la-flexibilizacion","status":"publish","type":"post","link":"http:\/\/argentinamunicipal.com.ar\/argentina\/la-sintonia-fina-los-despidos-la-flexibilizacion\/","title":{"rendered":"La sinton\u00eda fina de los despidos y la flexibilizaci\u00f3n"},"content":{"rendered":"<p>Un estudio del CEPA detalla que la ca\u00edda del empleo persiste en articulaci\u00f3n con la baja del salario real y el impulso oficial a convenios flexibilizadores. En lo que va del a\u00f1o, ya hubo 9599 despidos y 2594 suspensiones. Industria y servicios, los m\u00e1s afectados.<\/p>\n<p>Los despidos y suspensiones en la industria contin\u00faan sin encontrar un freno. Seg\u00fan el \u00faltimo informe del Centro de Econom\u00eda Pol\u00edtica Argentina, en el mes de marzo otras 4823 personas perdieron sus puestos de trabajo; de cada diez, seis se desempe\u00f1aban en f\u00e1bricas. La destrucci\u00f3n del empleo industrial se viene agudizando desde septiembre del a\u00f1o pasado, en un proceso que va acompa\u00f1ado, de manera general, por un deterioro de los sueldos y las condiciones laborales, con el impulso oficial a la firma de convenios colectivos con p\u00e9rdidas de derechos. Contra lo que sostienen el ministro de Trabajo, Jorge Triaca, y el de Hacienda, Nicol\u00e1s Dujovne, sobre una presunta recuperaci\u00f3n del empleo y del salario, el relevamiento del CEPA describe que, con excepci\u00f3n de la construcci\u00f3n, donde la merma de puestos se detuvo \u2013tras llegar a los 60 mil despidos, lo que mantiene al sector al tope del ranking negativo\u2013 la industria y los servicios contin\u00faan expulsando trabajadores.<\/p>\n<p>\u201cNo hubo cambios en la din\u00e1mica de empleo\u201d, se\u00f1al\u00f3 a P\u00e1ginaI12 Hern\u00e1n Letcher, director del centro de estudios y concejal del FpV en el partido de San Mart\u00edn. \u201cAl contrario: si en 2016 la pol\u00edtica flexibilizadora laboral fue de \u2018trazo grueso\u2019, sustentada en la p\u00e9rdida masiva de puestos de trabajo y la ca\u00edda de salario real, en 2017 se puede hablar de una \u2018sinton\u00eda fina\u2019 flexibilizadora, donde adem\u00e1s de despidos y ca\u00edda de los salarios, se suman acuerdos como el de los petroleros en Vaca Muerta, que el propio Gobierno pretende extender a la industria automotriz (el presidente Mauricio Macri estuvo en C\u00f3rdoba anunci\u00e1ndolo), a la construcci\u00f3n, al rubro textil y el del calzado entre otros, que incluye la p\u00e9rdida de derechos laborales adicionales.\u201d<\/p>\n<p>El n\u00famero de trabajadores afectados en el mes de marzo fue mayor al de febrero. La gran mayor\u00eda de los casos se registraron en el sector privado (4008 despedidos y 560 suspendidos) y una minor\u00eda (255 cesanteados) en el sector p\u00fablico.<\/p>\n<p>Como marzo marca el fin del primer trimestre, tambi\u00e9n puede extraerse un panorama sobre c\u00f3mo se va planteando el a\u00f1o: en este per\u00edodo se acumularon \u00a09599 despidos y 2594 suspensiones, concentrados particularmente en el sector industrial.<\/p>\n<p>El trabajo del CEPA propone mirar el empleo desde varios enfoques. Uno es el comportamiento del mercado laboral desde la asunci\u00f3n del gobierno de Cambiemos. En este sentido, puede decirse que en el primer trimestre de 2017 se est\u00e1 repitiendo una pel\u00edcula ya vista el a\u00f1o pasado. Hay dos ciclos que siguen el mismo movimiento, donde a una ola de despidos en el sector p\u00fablico siguen nuevos despidos en el privado.<\/p>\n<p>\u201cEn diciembre de 2016, al igual que en diciembre de 2015, los despidos del sector p\u00fablico tomaron preponderancia, representando la mitad de los despidos del mes\u201d, rese\u00f1a el estudio. \u201cEn febrero, al igual que en enero, en cambio, como sucedi\u00f3 luego del impacto que tuvieron al inicio de la actual gesti\u00f3n los despidos en los distintos ministerios nacionales, carteras provinciales y municipales, son los despidos y suspensiones del sector privado los que toman dinamismo. En la etapa anterior, ya hacia el mes de marzo superaban ampliamente a los contabilizados en el sector p\u00fablico. En los meses subsiguientes, las p\u00e9rdidas de puestos de trabajo en el orden privado pasaron de ser el 56,84 por ciento del total de despidos al 61,22 por ciento en abril de 2016, al 61,83 en mayo, al 62,96 en junio, 65,34 en julio, 66,07 en agosto, 66,81 en septiembre, 67,93 en octubre, 69,80 en noviembre, 69,15 en diciembre, 69,59 en enero, 69,85 en febrero y 70,32 en marzo de 2017, mientras que los del sector p\u00fablico redujeron su participaci\u00f3n progresivamente\u201d.<\/p>\n<p>Es decir que los despidos en el Estado act\u00faan como se\u00f1al de bandera blanca para el ajuste en las empresas; y a la vez retraen el consumo interno, empujando a situaciones de crisis a los sectores peor parados, en el caso de la industria, por la apertura de las importaciones.<\/p>\n<p>Si se toma en cuenta el acumulado a partir diciembre de 2015, el n\u00famero de trabajadores afectados desde la asunci\u00f3n del gobierno macrista llega a \u00a0249.143, entre despedidos y suspendidos. Siguen siendo m\u00e1s entre los privados que en los estatales: 178.589 despidos y suspensiones en el \u00e1rea privada y 75.378 en la administraci\u00f3n p\u00fablica.<\/p>\n<p>Este relevamiento viene siendo realizado por el CEPA de manera mensual, en base a datos que aportan los despedidos, las organizaciones gremiales, c\u00e1maras empresarias y publicaciones period\u00edsticas.<\/p>\n<p>Una de las pol\u00e9micas ligadas al debate sobre las mediciones de despidos es que los puestos de trabajo recuperados \u2013en el caso de que esto estuviera realmente sucediendo a escala\u2013 no son computados. Sin embargo, en el caso de la industria, son las propias estad\u00edsticas oficiales las que corroboran que la p\u00e9rdida de empleo industrial no se ha detenido, y que su ca\u00edda es similar a la que reflejan estos relevamientos no oficiales: as\u00ed lo muestran, por caso, los n\u00fameros del Sistema Integrado Previsional Argentino (SIPA, de la Anses), que registra los despidos de la econom\u00eda formal. Y en lo mismo coincide la Encuesta de Indicadores Laborales, realizada por el Ministerio de Trabajo. Un cuadro elaborado en base a estos datos oficiales ilustra c\u00f3mo, tambi\u00e9n con los n\u00fameros del Estado, se ve al trabajo industrial en un proceso de deterioro ininterrumpido.<\/p>\n<p><strong>Algunos casos de marzo\u00a0<\/strong><br \/>\nDentro de la industria, en el sector petrolero, hubo 520 despidos vinculados a Amarilla Gas, SP, Tecpetrol, Tuboscope Vetco de Argentina SA e YPF.<br \/>\nn electr\u00f3nica y electrodom\u00e9sticos se denunciaron 380 despidos en Brighstart, Iatec y Visteon, todos en la provincia de Tierra del Fuego.<br \/>\nEn el sector de alimentos y bebidas, en Coca Cola, Felfort, Magnasco y Olivi Hermanos, este \u00faltimo caso por cierre, a los que se suman 100 \u00a0suspensiones en La Campagnola, en Mendoza. El frigor\u00edfico Deltacar, en Pilar, despidi\u00f3 a 40 personas y suspendi\u00f3 a 160.<br \/>\nLos textiles tuvieron 197 despidos de empresas como Unisol-Puma \u00a0(Sanagasta, Chilecito, La Rioja), Enod y Tejedur\u00edas Naiberger.<br \/>\nEn el rubro servicios, los trabajadores de call centers atravesaron un mes muy dif\u00edcil, con 1090 casos, motorizados entre otros por Task Solution, en C\u00f3rdoba, por servicios realizados para Telecom. Los 300 casos de American Express, relacionados con el rubro financiero, fueron tambi\u00e9n de gran significaci\u00f3n.<br \/>\nEn comercio hubo 133 despidos en empresas como Rizzi Distribuciones, Easy e Hipermercado Libertad. En la actividad del transporte hubo 40 despidos en empresas como Monza y L\u00ednea Oeste.<\/p>\n<p>El estudio del CEPA detalla una serie de f\u00e1bricas y empresas de servicios que, sin haber llegado a despedir, atraviesan situaciones muy complicadas, por las que est\u00e1 en riesgo el futuro laboral de otras 9 mil personas.<\/p>\n<p>Por ejemplo, la multinacional norteamericana Ingredion \u2013que tiene 86 f\u00e1bricas distribuidas en 60 pa\u00edses, con 12 mil empleados a nivel mundial\u2013 despidi\u00f3 en sus plantas de Baradero y Chacabuco a 186 empleados; hay muchos m\u00e1s, cerca de 3 mil, sin garant\u00edas de continuidad. De Sancor, en Santa Fe, tambi\u00e9n penden de un hilo mil puestos de trabajo. Nextel tiene la intenci\u00f3n de tercerizar la atenci\u00f3n al cliente, que involucra a 1500 trabajadores. Los petroleros de Santa Cruz denuncian que est\u00e1n en dificultad 3 mil puestos de trabajo entre YPF, PAE, Sinopec, Sipetrol, Capsa y Tecpetrol.<\/p>\n<p>Si se miran los totales desde la asunci\u00f3n de Cambiemos a hoy, al tope de la tabla de los sectores m\u00e1s golpeados siguen estando los trabajadores de la construcci\u00f3n, con 60.626 despedidos por la paralizaci\u00f3n de la obra p\u00fablica, aunque con varios meses consecutivos sin nuevas p\u00e9rdidas de puestos de trabajo. En la industria, los metal\u00fargicos abren el ranking negativo, seguidos por los textiles, muy afectados por ca\u00edda del consumo local y apertura importadora (el caso de Alpargatas lo refleja en estos d\u00edas).<\/p>\n<p>\u201cDistintas fuentes de la actividad textil aseguran que la ca\u00edda efectiva en los puestos de trabajo es incluso m\u00e1s elevada, pero dif\u00edcil de constatar por el bajo nivel de registro en el sector y la utilizaci\u00f3n por parte de las grandes marcas de dise\u00f1o de indumentaria de cadenas de subcontrataci\u00f3n provistas por empleo informal y poblaci\u00f3n inmigrante de pa\u00edses vecinos, en sendos casos deliberadamente sin documentar\u201d, aclara el informe. De hecho, el textil es uno de los rubros con m\u00e1s trabajo en negro.<\/p>\n<p>El sector automotriz contin\u00faa con una cantidad alta de despidos y suspensiones (Volkswagen, Renault, Ford, Honda, Iveco son algunos ejemplos a los que se suman cesant\u00edas en autopartistas y en la producci\u00f3n de neum\u00e1ticos).<\/p>\n<p>En el acumulado desde diciembre, los m\u00e1s afectados del rubro servicios son los empleados de comercio y los gastron\u00f3micos, que representan casi el 45 por ciento de los casos. \u201cEn ambos\u201d, marca el informe, \u201cse manifiesta un ostensible silencio de las conducciones sindicales respecto de la bajas en el empleo\u201d.<\/p>\n<p>Marzo y abril son meses de discusiones paritarias y movilizaciones en aumento. Sus principales motivos est\u00e1n siendo los reclamos por despidos, por aumentos salariales o incumplimiento de acuerdos y por atrasos en los pagos. \u201cEn relaci\u00f3n con estos reclamos, resulta imprescindible destacar que el eje del abordaje planteado por el gobierno nacional y local, en el \u00e1mbito de la Ciudad de Buenos Aires, no reside en resolver algunos de los problemas que originan el reclamo sino en encontrar el mecanismo para que tales demandas sencillamente no lleguen a las calles de la ciudad\u201d, apunta el CEPA.<\/p>\n<p>En el mismo sentido, el centro de estudios observa la profundizaci\u00f3n de la estrategia \u201cejemplificadora\u201d del Gobierno con los docentes. \u201cEl objetivo reside en ilustrar a los trabajadores argentinos y a los gremios de cada sector, pero tambi\u00e9n al empresariado de nuestro pa\u00eds, qu\u00e9 intereses defiende a rajatabla el gobierno nacional y cu\u00e1nto est\u00e1 dispuesto a invertir para recorrer el camino de la flexibilizaci\u00f3n (&#8230;) Tales acciones est\u00e1n dirigidas a justificar aumentos salariales limitados, que consoliden la p\u00e9rdida de poder adquisitivo producida a lo largo de 2016, junto con el condicionamiento de futuros reclamos, pasos necesarios en el proceso flexibilizador explicitado por el propio Gobierno.\u201d<\/p>\n<p>Finalmente, el relevamiento rese\u00f1a que el paro nacional de la CGT realizado a principios de abril tuvo alt\u00edsimo acatamiento. \u201cEl Gobierno cuestion\u00f3 tal convocatoria criticando a los sindicalistas y mencionado que el costo del paro implicaba 15 mil millones de pesos. Esto resulta sintom\u00e1tico, dado que esos mismos sindicalistas hicieron lo imposible por evitar el paro, forzado finalmente por las exigencias de los mismos trabajadores en la movilizaci\u00f3n del d\u00eda 6 de marzo.\u201d<\/p>\n<h6>Fuente: P\u00e1gina 12<\/h6>\n","protected":false},"excerpt":{"rendered":"<p>Un estudio del CEPA detalla que la ca\u00edda del empleo persiste en articulaci\u00f3n con la baja del salario real y el impulso oficial a convenios flexibilizadores.<\/p>\n","protected":false},"author":2,"featured_media":61663,"comment_status":"closed","ping_status":"closed","sticky":false,"template":"","format":"standard","meta":{"footnotes":""},"categories":[8],"tags":[21],"class_list":["post-61662","post","type-post","status-publish","format-standard","has-post-thumbnail","hentry","category-informe-nacional","tag-argentina"],"_links":{"self":[{"href":"http:\/\/argentinamunicipal.com.ar\/argentina\/wp-json\/wp\/v2\/posts\/61662","targetHints":{"allow":["GET"]}}],"collection":[{"href":"http:\/\/argentinamunicipal.com.ar\/argentina\/wp-json\/wp\/v2\/posts"}],"about":[{"href":"http:\/\/argentinamunicipal.com.ar\/argentina\/wp-json\/wp\/v2\/types\/post"}],"author":[{"embeddable":true,"href":"http:\/\/argentinamunicipal.com.ar\/argentina\/wp-json\/wp\/v2\/users\/2"}],"replies":[{"embeddable":true,"href":"http:\/\/argentinamunicipal.com.ar\/argentina\/wp-json\/wp\/v2\/comments?post=61662"}],"version-history":[{"count":0,"href":"http:\/\/argentinamunicipal.com.ar\/argentina\/wp-json\/wp\/v2\/posts\/61662\/revisions"}],"wp:featuredmedia":[{"embeddable":true,"href":"http:\/\/argentinamunicipal.com.ar\/argentina\/wp-json\/wp\/v2\/media\/61663"}],"wp:attachment":[{"href":"http:\/\/argentinamunicipal.com.ar\/argentina\/wp-json\/wp\/v2\/media?parent=61662"}],"wp:term":[{"taxonomy":"category","embeddable":true,"href":"http:\/\/argentinamunicipal.com.ar\/argentina\/wp-json\/wp\/v2\/categories?post=61662"},{"taxonomy":"post_tag","embeddable":true,"href":"http:\/\/argentinamunicipal.com.ar\/argentina\/wp-json\/wp\/v2\/tags?post=61662"}],"curies":[{"name":"wp","href":"https:\/\/api.w.org\/{rel}","templated":true}]}}