{"id":61665,"date":"2017-04-17T07:16:27","date_gmt":"2017-04-17T10:16:27","guid":{"rendered":"http:\/\/argentinamunicipal.com.ar\/argentina\/?p=61665"},"modified":"2017-04-17T07:16:27","modified_gmt":"2017-04-17T10:16:27","slug":"los-abrazos","status":"publish","type":"post","link":"http:\/\/argentinamunicipal.com.ar\/argentina\/los-abrazos\/","title":{"rendered":"Los abrazos"},"content":{"rendered":"<p>Por Sonia Alesso *<br \/>\nLas m\u00e1s de 60 mil personas que pasaron durante la primera semana por la Escuela P\u00fablica Itinerante nos mostraron una vez m\u00e1s que hay un pueblo comprometido con la defensa de la educaci\u00f3n p\u00fablica.<\/p>\n<p>Emociona ver c\u00f3mo la represi\u00f3n a maestrxs y profesorxs del domingo 9 deriv\u00f3 en una marea de apoyo y aliento de quienes condenan los atropellos y las injurias. Miles de docentes que llegan a la \u201cEscuela\u201d con sus guardapolvos, ni\u00f1os que dejan sus dibujos de aliento, organismos de derechos humanos, artistas, poetas, m\u00fasicos, acad\u00e9micos, intelectuales y periodistas, dijeron presente en esta lucha en defensa de la educaci\u00f3n p\u00fablica.<\/p>\n<p>Las clases art\u00edsticas, de danzas, ajedrez o cient\u00edficas realizadas por docentes echan por tierra el menosprecio que el presidente Macri y el ministro Bullrich expresan por los docentes y la educaci\u00f3n. Nuestrxs queridxs jubilados tambi\u00e9n se hicieron presentes y pasaron la ma\u00f1ana del s\u00e1bado tejiendo nuestra bandera, tejiendo la patria.<\/p>\n<p>Las disertaciones en la Escuela P\u00fablica Itinerante sobre la Ley de Financiamiento Educativo y la paritaria nacional docente debieron repetirse varias veces ante la cantidad de ciudadanos que vienen a solidarizarse y a interiorizarse de manera m\u00e1s profunda acerca de la justicia de nuestro reclamo. La Escuela instalada en Entre R\u00edos 50 es el escenario de una sucesi\u00f3n interminable de emociones, como el conmovedor encuentro entre Teresa, la maestra de 83 a\u00f1os que ense\u00f1\u00f3 junto a Isauro Arancibia, y Sandra Rodr\u00edguez durante el homenaje a su esposo, nuestro compa\u00f1ero Carlos Fuentealba. Tambi\u00e9n nos conmueven las manifestaciones de afecto de la marea de gente que durante todo el d\u00eda nos visita y se retrata junto al pizarr\u00f3n que est\u00e1 en el aula o en los pupitres del patio. En estos d\u00edas reunimos miles de firmas para impulsar la sanci\u00f3n de una nueva Ley de Financiamiento Educativo que eleve del 6 al 10 por ciento el presupuesto para Educaci\u00f3n y tambi\u00e9n para reclamar la convocatoria a la paritaria nacional docente.<\/p>\n<p>Hace 20 a\u00f1os se instalaba la Carpa Blanca de la Dignidad. Hoy la Escuela P\u00fablica Itinerante est\u00e1 en el mismo lugar, con id\u00e9nticos reclamos. En aquel momento plantamos un arbusto que hoy es un \u00e1rbol. Sus ra\u00edces profundas de amor y compromiso son las que la educaci\u00f3n p\u00fablica ech\u00f3 en el pueblo. El compromiso es el de seguir defendiendo tenazmente nuestros derechos, por el presente y el futuro. Hoy m\u00e1s que nunca \u201cla escuela argentina ense\u00f1a, resiste y sue\u00f1a\u201d.<\/p>\n<p>* Secretaria general de Ctera.<\/p>\n<h6>Fuente: P\u00e1gina 12<\/h6>\n","protected":false},"excerpt":{"rendered":"<p>Las m\u00e1s de 60 mil personas que pasaron durante la primera semana por la Escuela P\u00fablica Itinerante nos mostraron una vez m\u00e1s que hay un pueblo comprometido con la defensa de la educaci\u00f3n p\u00fablica. <\/p>\n","protected":false},"author":2,"featured_media":61666,"comment_status":"closed","ping_status":"closed","sticky":false,"template":"","format":"standard","meta":{"footnotes":""},"categories":[6],"tags":[21],"class_list":["post-61665","post","type-post","status-publish","format-standard","has-post-thumbnail","hentry","category-opiniones","tag-argentina"],"_links":{"self":[{"href":"http:\/\/argentinamunicipal.com.ar\/argentina\/wp-json\/wp\/v2\/posts\/61665","targetHints":{"allow":["GET"]}}],"collection":[{"href":"http:\/\/argentinamunicipal.com.ar\/argentina\/wp-json\/wp\/v2\/posts"}],"about":[{"href":"http:\/\/argentinamunicipal.com.ar\/argentina\/wp-json\/wp\/v2\/types\/post"}],"author":[{"embeddable":true,"href":"http:\/\/argentinamunicipal.com.ar\/argentina\/wp-json\/wp\/v2\/users\/2"}],"replies":[{"embeddable":true,"href":"http:\/\/argentinamunicipal.com.ar\/argentina\/wp-json\/wp\/v2\/comments?post=61665"}],"version-history":[{"count":0,"href":"http:\/\/argentinamunicipal.com.ar\/argentina\/wp-json\/wp\/v2\/posts\/61665\/revisions"}],"wp:featuredmedia":[{"embeddable":true,"href":"http:\/\/argentinamunicipal.com.ar\/argentina\/wp-json\/wp\/v2\/media\/61666"}],"wp:attachment":[{"href":"http:\/\/argentinamunicipal.com.ar\/argentina\/wp-json\/wp\/v2\/media?parent=61665"}],"wp:term":[{"taxonomy":"category","embeddable":true,"href":"http:\/\/argentinamunicipal.com.ar\/argentina\/wp-json\/wp\/v2\/categories?post=61665"},{"taxonomy":"post_tag","embeddable":true,"href":"http:\/\/argentinamunicipal.com.ar\/argentina\/wp-json\/wp\/v2\/tags?post=61665"}],"curies":[{"name":"wp","href":"https:\/\/api.w.org\/{rel}","templated":true}]}}