{"id":61668,"date":"2017-04-17T07:21:28","date_gmt":"2017-04-17T10:21:28","guid":{"rendered":"http:\/\/argentinamunicipal.com.ar\/argentina\/?p=61668"},"modified":"2017-04-17T08:47:06","modified_gmt":"2017-04-17T11:47:06","slug":"sancor-empleados-aportaran-15-seis-meses","status":"publish","type":"post","link":"http:\/\/argentinamunicipal.com.ar\/argentina\/sancor-empleados-aportaran-15-seis-meses\/","title":{"rendered":"SanCor: empleados aportar\u00e1n el 15% durante seis meses"},"content":{"rendered":"<p>La decisi\u00f3n fue confirmada en la asamblea general de delegados de Atilra, \u201ccon el objetivo de descomprimir\u201d la complicada situaci\u00f3n de la cooperativa. Los descuentos ser\u00e1n compensados a los 12 meses<\/p>\n<p>D\u00edas atr\u00e1s se realiz\u00f3 la Asamblea General Extraordinaria de Delegados Congresales de la Asociaci\u00f3n de Trabajadores de la Industria Lechera de la Rep\u00fablica Argentina (Atilra), en la que se acept\u00f3 un aporte excepcional por parte de los empleados a la cooperativa SanCor. Puntualmente, el gremio aval\u00f3 diferir un 15% del salario de los trabajadores de la l\u00e1ctea durante seis meses, con el objetivo de descomprimir la complicada situaci\u00f3n de la cooperativa.<\/p>\n<p>En un comunicado publicado en su p\u00e1gina web, el gremio expresa que \u00abel diferimiento del pago del 15% de los salarios regir\u00e1 por seis meses, a partir de abril de este a\u00f1o hasta septiembre inclusive, a efectuarse sobre la liquidaci\u00f3n de cada mes, en funci\u00f3n del que se encuentre vigente de acuerdo a las escalas vigentes\u00bb.<\/p>\n<p>Tambi\u00e9n explica el texto que \u00abla devoluci\u00f3n de los importes diferidos se efectuar\u00e1 a los 12 meses de cada mes\u00bb, y se \u00abactualizar\u00e1 el importe diferido conforme las escalas salariales vigentes acordadas entre Atilra y la industria\u00bb.<\/p>\n<p>Tambi\u00e9n aclara que \u00aben el acta firmada se establece que el diferimiento se podr\u00e1 efectuar en la medida que SanCor pague en t\u00e9rmino los salarios\u00bb, y que la empresa de Sunchales \u00abse abstendr\u00e1 durante dicho per\u00edodo de seis meses de efectuar despidos de trabajadores\u00bb.<\/p>\n<p>Tambi\u00e9n establece la \u00absuspensi\u00f3n por el lapso de seis meses del pago del aporte patronal mensual permanente, aplic\u00e1ndose, tanto a los periodos transcurridos adeudados como a los correspondientes a los seis meses siguientes, gener\u00e1ndose un cr\u00e9dito a favor de Atilra, con las siguientes condiciones: 12 meses de gracia para el repago del cr\u00e9dito; deuda nominal sin intereses ni actualizaci\u00f3n, gastos ni honorarios\u00bb.<br \/>\nEn consecuencia, se\u00f1al\u00f3 que \u00aba partir del s\u00e9ptimo mes inclusive se deber\u00e1 abonar el aporte en forma \u00edntegra\u00bb.<\/p>\n<p>DENUNCIAN DIFAMACI\u00d3N<br \/>\nLa reuni\u00f3n de delegados expuso adem\u00e1s el malestar por una \u201ccampa\u00f1a de difamaci\u00f3n contra el gremio\u201d que dicen se ha desplegado. Textualmente expresan que \u201cdesde un sector de los empresarios dijeron que contaban en el m\u00e1ximo nivel gubernamental con el apoyo necesario y suficiente para desestabilizar al sindicato\u201d.<\/p>\n<p>\u201cHa comenzado en estos d\u00edas pasados una campa\u00f1a de difamaci\u00f3n hacia el gremio. Tememos que en breve esa campa\u00f1a de difamaci\u00f3n se potencie, de modo que sirva como excusa para producir la intervenci\u00f3n de Atilra. Si esta situaci\u00f3n llegase a producirse, desde este m\u00e1ximo cuerpo de direcci\u00f3n y administraci\u00f3n del sindicato, se adopta la decisi\u00f3n de producir una huelga de alcance nacional en la industria\u201d.<\/p>\n<p>Los delegados congresales propusieron que de persistir la \u201cavanzada de difamaci\u00f3n contra Atilra\u201d se llevara a cabo un plan de lucha nacional que dejara a todo el pa\u00eds sin leche.<\/p>\n<p>\u201cSabemos que el objetivo de los sectores que llevan adelante esta campa\u00f1a de debilitamiento es intervenir el sindicato, dejando a los trabajadores en un estado de indefenci\u00f3n para pretender que resignemos salarios y derechos convencionales para lograr el ajuste que buscan imponer desde el gobierno nacional\u201d expresaron.<\/p>\n<p>Y aprovecharon para convocar \u201ca todos los compa\u00f1eros del pa\u00eds a prepararse para defender hasta las \u00faltimas consecuencias los derechos y condiciones laborales que tanto nos cost\u00f3 conseguir\u201d.<\/p>\n<h6>Fuente: La Opini\u00f3n<\/h6>\n","protected":false},"excerpt":{"rendered":"<p>La decisi\u00f3n fue confirmada en la asamblea general de delegados de Atilra, \u201ccon el objetivo de descomprimir\u201d la complicada situaci\u00f3n de la cooperativa. Los descuentos ser\u00e1n compensados a los 12 meses<\/p>\n","protected":false},"author":2,"featured_media":61669,"comment_status":"closed","ping_status":"closed","sticky":false,"template":"","format":"standard","meta":{"footnotes":""},"categories":[8],"tags":[21],"class_list":["post-61668","post","type-post","status-publish","format-standard","has-post-thumbnail","hentry","category-informe-nacional","tag-argentina"],"_links":{"self":[{"href":"http:\/\/argentinamunicipal.com.ar\/argentina\/wp-json\/wp\/v2\/posts\/61668","targetHints":{"allow":["GET"]}}],"collection":[{"href":"http:\/\/argentinamunicipal.com.ar\/argentina\/wp-json\/wp\/v2\/posts"}],"about":[{"href":"http:\/\/argentinamunicipal.com.ar\/argentina\/wp-json\/wp\/v2\/types\/post"}],"author":[{"embeddable":true,"href":"http:\/\/argentinamunicipal.com.ar\/argentina\/wp-json\/wp\/v2\/users\/2"}],"replies":[{"embeddable":true,"href":"http:\/\/argentinamunicipal.com.ar\/argentina\/wp-json\/wp\/v2\/comments?post=61668"}],"version-history":[{"count":0,"href":"http:\/\/argentinamunicipal.com.ar\/argentina\/wp-json\/wp\/v2\/posts\/61668\/revisions"}],"wp:featuredmedia":[{"embeddable":true,"href":"http:\/\/argentinamunicipal.com.ar\/argentina\/wp-json\/wp\/v2\/media\/61669"}],"wp:attachment":[{"href":"http:\/\/argentinamunicipal.com.ar\/argentina\/wp-json\/wp\/v2\/media?parent=61668"}],"wp:term":[{"taxonomy":"category","embeddable":true,"href":"http:\/\/argentinamunicipal.com.ar\/argentina\/wp-json\/wp\/v2\/categories?post=61668"},{"taxonomy":"post_tag","embeddable":true,"href":"http:\/\/argentinamunicipal.com.ar\/argentina\/wp-json\/wp\/v2\/tags?post=61668"}],"curies":[{"name":"wp","href":"https:\/\/api.w.org\/{rel}","templated":true}]}}