{"id":61686,"date":"2017-04-17T07:40:02","date_gmt":"2017-04-17T10:40:02","guid":{"rendered":"http:\/\/argentinamunicipal.com.ar\/argentina\/?p=61686"},"modified":"2017-04-17T07:40:02","modified_gmt":"2017-04-17T10:40:02","slug":"parana-radio-la-cultural-sin-aire-tarifazo","status":"publish","type":"post","link":"http:\/\/argentinamunicipal.com.ar\/argentina\/parana-radio-la-cultural-sin-aire-tarifazo\/","title":{"rendered":"Paran\u00e1: Radio La Cultural sin aire por el tarifazo"},"content":{"rendered":"<p>Desde hace m\u00e1s de un mes que la FM 94.3 baj\u00f3 su transmisi\u00f3n de aire, luego de un abultado impuesto por energ\u00eda el\u00e9ctrica. Ahora, los gestores del medio salen a buscar adherentes para sostener el proyecto cooperativo<\/p>\n<p>Tres mil pesos es un mont\u00f3n de plata para cualquier proyecto cooperativo. Ese importe es precisamente el que les vino de energ\u00eda el\u00e9ctrica el \u00faltimo enero en el Centro Cultural La Hendija. \u201cDesde el a\u00f1o pasado empezaron a llegar m\u00e1s fuertes las boletas, y en enero que no hubo otra actividad, con el transmisor al cuarto de potencia, nos vino eso de luz. Tomamos la decisi\u00f3n operativa de bajar la transmisi\u00f3n al aire hasta resolver la cuesti\u00f3n del ingreso\u201d, cuenta Cristina Schwab, sentada junto a Carlos Vicent\u00edn en el estudio \u201cPalabras Mayores Mario Pozzi Mingo Dussi\u201d.Al fondo y a la izquierda del centro cultural La Hendija funcionan las instalaciones de FM La Cultural 94.3, ex Radio Cualquiera, que hoy se puede escuchar por internet a trav\u00e9s de su p\u00e1gina www.lacultural.coop<\/p>\n<p>Yosoyotrot\u00fa. \u201cBajamos el aire mientras intentamos ordenar la cuesti\u00f3n administrativa para generar un piso de ingresos con la idea de volver al aire -si llegamos- en mayo\u201d, se\u00f1ala Carlos Vicent\u00edn. \u201cHasta el tarifazo, con las otras actividades de la cooperativa (b\u00e1sicamente talleres), m\u00e1s o menos cubr\u00edamos los costos, pero ahora es insostenible\u201d, agrega. La cooperativa de trabajo que gestiona la radio y el aula taller se llama Yosoyotrot\u00fa Ltda. Mantiene un acuerdo con la Fundaci\u00f3n La Hendija para compartir el espacio en Gualeguaych\u00fa 171. La Fundaci\u00f3n maneja la agenda de teatro, el uso de salas y algunos talleres puntuales; mientras que la cooperativa se encarga de la radio y de otros talleres, adem\u00e1s de sostener presencia diaria en el centro cultural para la gesti\u00f3n cotidiana del lugar. \u201cEl nombre de la cooperativa hace referencia a un lema maya que tambi\u00e9n trata de recuperar lo que sentimos muchos: que el trabajo horizontal es un recordatorio permanente de la igualdad de condiciones a la hora de trabajar juntos, una expresi\u00f3n de deseo de encontrarte con el otro en igualdad de oportunidades\u201d, expresa Schwab. Yosoyotrot\u00fa gestiona desde 2013, con patente de cooperativa desde agosto de 2014.<\/p>\n<p>La C. \u201cEn base al c\u00e1lculo que hicimos, tendr\u00edamos que pagar alrededor de 6 lucas y media transmitiendo de 7 a 24 con el transmisor de 1 kilo, que consume 2 kilowatts por hora. Por eso pensamos en retomar la idea del sostenimiento colectivo como eran los radiope\u00f1istas de La Cualquiera, que es algo que tiene que ver con el proyecto. Esa es una experiencia probada que se puede mejorar administrativamente. Al menos para darnos un piso, volvemos a los pe\u00f1istas a trav\u00e9s de una figura que es la cooperadora, que se llama La C\u201d, explica Vicent\u00edn sobre la iniciativa, que propone asociarse a la radio por 100 pesos mensuales como si fuera la cooperadora de una escuela, una biblioteca o un club. \u201cEl aporte es para el sostenimiento de un espacio, y sobre todo con la idea de generar comunidades de personas. Volver a tener radio pe\u00f1a y asambleas\u201d, indica Cristina.<\/p>\n<p>El c\u00e1lculo estimativo es que necesitan unos 130 cooperadores para formar la base que cubra incluso el porcentaje del cobrador. \u201cHay gente que ya est\u00e1 anotada, pero esto tambi\u00e9n nos va a permitir dar a conocer el proyecto hacia otros territorio. Vamos a recuperar el padr\u00f3n anterior y ponernos en contacto, adem\u00e1s de activar redes sociales\u201d, apunta Schwab. Por La Cualquiera, antecesora de La Cultural, entre 2006 y 2015 pasaron m\u00e1s de mil pe\u00f1istas, con un pico 350 en su mejor momento. La radio, en ese entonces, ofrec\u00eda contraprestaciones para estos pe\u00f1istas, como entradas para los ciclos de cine, descuentos en obras de teatro o distribuci\u00f3n de revistas de gentileza. \u201cNuestra idea es ir gestionando materiales. Al principio vamos a recurrir a libros y discos para sorteos modestos. Apelamos a la gente que apuesta m\u00e1s al proyecto, arrancamos con eso, con la perspectiva de recuperar todo lo que fue la radio pe\u00f1a con su sentido de pertenencia\u201d, aclara Carlos.<\/p>\n<p>La Cultural. La radio cambi\u00f3 de nombre cuando la Fundaci\u00f3n La Hendija les cedi\u00f3 los equipamientos a la cooperativa. Fue el fin del ciclo de La Cualquiera, que hab\u00eda nacido como proyecto en 2005, al aire desde 2006 hasta diciembre de 2015. \u201cLe pusimos ese nombre por una cuesti\u00f3n de pertenencia: nacimos ac\u00e1, en un centro cultural, y todo esto se gener\u00f3 ac\u00e1. La cuesti\u00f3n cultural es natural, pero adem\u00e1s por nuestro concepto de cultura que tiene implicancias en todos los planos de la sociedad. De alguna forma intentamos trasladar esta idea no solo en la radio sino en todo lo que hacemos. En La Hendija todo puede suceder, no solo arte, han funcionado asambleas pol\u00edticas, ferias de artesanos o de comida sustentable.<\/p>\n<p>Nos pareci\u00f3 que era una buena s\u00edntesis\u201d, describe Vicent\u00edn. \u201cDaba para nombrar un espacio de aire que no exist\u00eda, y entendemos lo cultural tambi\u00e9n desde la econom\u00eda social y solidaria, transformadora de los v\u00ednculos, lo cultural como diverso y tambi\u00e9n desde una perspectiva de g\u00e9nero. Pero no lo entendemos como un concepto cerrado\u201d, acota Schwab. Ambos integrantes de la cooperativa estuvieron desde el principio con La Cualquiera. Carlos Vicent\u00edn, junto a su hermano Rafael, fueron quienes le propusieron la idea a Armando Salzman de poner una radio, porque cuando trabajaban escuchaban emisoras todo el d\u00eda y no les gustaba lo que hab\u00eda. Sumaron a Silvio M\u00e9ndez, y as\u00ed arranc\u00f3 el proyecto. \u201cDejar de quejarse por lo que no hay y ver c\u00f3mo hacemos para gestionarlo, esa es una marca registrada del trabajo autogestivo que yo aprend\u00ed ac\u00e1\u201d, sintetiza Cristina, que se acerc\u00f3 a La Hendija en octubre de 2006 a una asamblea por el Parque Nuevo, y as\u00ed conoci\u00f3 la radio, al mes de su nacimiento. \u201cNunca tuve programa pero ven\u00eda a las reuniones de producci\u00f3n, y nunca m\u00e1s me fui, al igual que Mar\u00eda Emilia Ghiglione, que tambi\u00e9n integra la cooperativa\u201d, a\u00f1ade. En 2015, la Fundaci\u00f3n La Hendija dio de baja la solicitud de frecuencia y autom\u00e1ticamente ingres\u00f3 el pedido la cooperativa, durante la \u00faltima semana del funcionamiento de la extinta Autoridad Federal de Servicios de Comunicaci\u00f3n Audiovisual (AFSCA). El n\u00famero de expediente es lo \u00fanico que los avala. \u201cLo que intentamos hacer es solicitar un reconocimiento a la continuidad del tr\u00e1mite. Antes est\u00e1bamos en la misma situaci\u00f3n, porque al ser zona de conflicto (del espectro radioel\u00e9ctrico) la licencia nunca se otorg\u00f3\u201d, dice Cristina.<\/p>\n<p>Los miembros de la cooperativa comentan estar abiertos a las personas que se interesen en el proyecto. Detectan sus puntos flojos dentro del \u00e1rea de venta publicitaria y administrativa, y esperan subsanarlo con esta forma participativa que sume peque\u00f1os aportes. En la radio La Cultural, mientras, esperan la pr\u00f3xima boleta de luz como un nuevo disparo de ruleta rusa. \u201cSi no damos pie con bola seguramente no tengamos mucho rollo para adelante, pero no nos vamos a mover de nuestras convicciones\u201d, expresa Carlos Vicent\u00edn. Entre esas convicciones est\u00e1 la concepci\u00f3n de comunicaci\u00f3n entendida como un derecho humano universal y no como una mercanc\u00eda, algo que cada vez menos experiencias medi\u00e1ticas pueden sostener hoy como bandera.<\/p>\n<h6>Fuente: El Diario<\/h6>\n","protected":false},"excerpt":{"rendered":"<p>Desde hace m\u00e1s de un mes que la FM 94.3 baj\u00f3 su transmisi\u00f3n de aire, luego de un abultado impuesto por energ\u00eda el\u00e9ctrica. Ahora, los gestores del medio salen a buscar adherentes para sostener el proyecto cooperativo<\/p>\n","protected":false},"author":2,"featured_media":61687,"comment_status":"closed","ping_status":"closed","sticky":false,"template":"","format":"standard","meta":{"footnotes":""},"categories":[2],"tags":[17],"class_list":["post-61686","post","type-post","status-publish","format-standard","has-post-thumbnail","hentry","category-informe-municipal","tag-entre-rios"],"_links":{"self":[{"href":"http:\/\/argentinamunicipal.com.ar\/argentina\/wp-json\/wp\/v2\/posts\/61686","targetHints":{"allow":["GET"]}}],"collection":[{"href":"http:\/\/argentinamunicipal.com.ar\/argentina\/wp-json\/wp\/v2\/posts"}],"about":[{"href":"http:\/\/argentinamunicipal.com.ar\/argentina\/wp-json\/wp\/v2\/types\/post"}],"author":[{"embeddable":true,"href":"http:\/\/argentinamunicipal.com.ar\/argentina\/wp-json\/wp\/v2\/users\/2"}],"replies":[{"embeddable":true,"href":"http:\/\/argentinamunicipal.com.ar\/argentina\/wp-json\/wp\/v2\/comments?post=61686"}],"version-history":[{"count":0,"href":"http:\/\/argentinamunicipal.com.ar\/argentina\/wp-json\/wp\/v2\/posts\/61686\/revisions"}],"wp:featuredmedia":[{"embeddable":true,"href":"http:\/\/argentinamunicipal.com.ar\/argentina\/wp-json\/wp\/v2\/media\/61687"}],"wp:attachment":[{"href":"http:\/\/argentinamunicipal.com.ar\/argentina\/wp-json\/wp\/v2\/media?parent=61686"}],"wp:term":[{"taxonomy":"category","embeddable":true,"href":"http:\/\/argentinamunicipal.com.ar\/argentina\/wp-json\/wp\/v2\/categories?post=61686"},{"taxonomy":"post_tag","embeddable":true,"href":"http:\/\/argentinamunicipal.com.ar\/argentina\/wp-json\/wp\/v2\/tags?post=61686"}],"curies":[{"name":"wp","href":"https:\/\/api.w.org\/{rel}","templated":true}]}}