{"id":61719,"date":"2017-04-17T05:19:05","date_gmt":"2017-04-17T08:19:05","guid":{"rendered":"http:\/\/argentinamunicipal.com.ar\/argentina\/?p=61719"},"modified":"2017-04-17T08:21:22","modified_gmt":"2017-04-17T11:21:22","slug":"despidos-radio-nacional-persecucion-ideologica","status":"publish","type":"post","link":"http:\/\/argentinamunicipal.com.ar\/argentina\/despidos-radio-nacional-persecucion-ideologica\/","title":{"rendered":"Despidos en Radio Nacional: \u201cPersecuci\u00f3n ideol\u00f3gica\u201d"},"content":{"rendered":"<p>El presidente del bloque de legisladores del Frente para la Victoria, Alejandro Marinao, repudi\u00f3 los despidos en Radio Nacional por parte del gobierno del presidente Macri y cuestiona las pol\u00edticas persecutorias y que atentan contra los trabajadores.<\/p>\n<p>\u201cEn el caso de Radio Nacional Jacobacci, Pablo Zamorano, uno de los despedidos de manera arbitraria e injusta es un trabajador de planta permanente que alcanz\u00f3 el cargo de Director a trav\u00e9s de concurso y lo ejerci\u00f3 con responsabilidad hasta el recambio de autoridades\u201d, explic\u00f3.<\/p>\n<p>Marinao subray\u00f3: \u201cEste avasallamiento de derechos adquiridos por los trabajadores es totalmente antidemocr\u00e1tico, falaz y malicioso porque tambi\u00e9n son familias que quedan en situaci\u00f3n de vulnerabilidad. Pero adem\u00e1s, es<br \/>\nuna persecuci\u00f3n ideol\u00f3gica e intenta ser una medida aleccionadora para el resto de los trabajadores, a quienes les est\u00e1n diciendo que no pueden pensar de otra forma que no sea en linea con el el gobierno de Cambiemos\u201d.<\/p>\n<p>Ante esta situaci\u00f3n, el legislador reclam\u00f3 la \u201creincorporaci\u00f3n inmediata\u201d de los trabajadores, y apel\u00f3 a \u201cno permitir que sigan usando el miedo de los mismos como un recurso para imponer sus pol\u00edticas de destrucci\u00f3n ideol\u00f3gica y pol\u00edtica\u201d.<\/p>\n<h6>Fuente: ADN<\/h6>\n","protected":false},"excerpt":{"rendered":"<p>El presidente del bloque de legisladores del Frente para la Victoria, Alejandro Marinao, repudi\u00f3 los despidos en Radio Nacional por parte del gobierno del presidente Macri y cuestiona las pol\u00edticas persecutorias y que atentan contra los trabajadores.<\/p>\n","protected":false},"author":2,"featured_media":61720,"comment_status":"closed","ping_status":"closed","sticky":false,"template":"","format":"standard","meta":{"footnotes":""},"categories":[8],"tags":[21],"class_list":["post-61719","post","type-post","status-publish","format-standard","has-post-thumbnail","hentry","category-informe-nacional","tag-argentina"],"_links":{"self":[{"href":"http:\/\/argentinamunicipal.com.ar\/argentina\/wp-json\/wp\/v2\/posts\/61719","targetHints":{"allow":["GET"]}}],"collection":[{"href":"http:\/\/argentinamunicipal.com.ar\/argentina\/wp-json\/wp\/v2\/posts"}],"about":[{"href":"http:\/\/argentinamunicipal.com.ar\/argentina\/wp-json\/wp\/v2\/types\/post"}],"author":[{"embeddable":true,"href":"http:\/\/argentinamunicipal.com.ar\/argentina\/wp-json\/wp\/v2\/users\/2"}],"replies":[{"embeddable":true,"href":"http:\/\/argentinamunicipal.com.ar\/argentina\/wp-json\/wp\/v2\/comments?post=61719"}],"version-history":[{"count":0,"href":"http:\/\/argentinamunicipal.com.ar\/argentina\/wp-json\/wp\/v2\/posts\/61719\/revisions"}],"wp:featuredmedia":[{"embeddable":true,"href":"http:\/\/argentinamunicipal.com.ar\/argentina\/wp-json\/wp\/v2\/media\/61720"}],"wp:attachment":[{"href":"http:\/\/argentinamunicipal.com.ar\/argentina\/wp-json\/wp\/v2\/media?parent=61719"}],"wp:term":[{"taxonomy":"category","embeddable":true,"href":"http:\/\/argentinamunicipal.com.ar\/argentina\/wp-json\/wp\/v2\/categories?post=61719"},{"taxonomy":"post_tag","embeddable":true,"href":"http:\/\/argentinamunicipal.com.ar\/argentina\/wp-json\/wp\/v2\/tags?post=61719"}],"curies":[{"name":"wp","href":"https:\/\/api.w.org\/{rel}","templated":true}]}}