{"id":61740,"date":"2017-04-18T06:49:58","date_gmt":"2017-04-18T09:49:58","guid":{"rendered":"http:\/\/argentinamunicipal.com.ar\/argentina\/?p=61740"},"modified":"2017-04-18T06:49:58","modified_gmt":"2017-04-18T09:49:58","slug":"la-legislatura-bonaerense-encarara-campanas-financiara-municipios-combatir-la-violencia-genero","status":"publish","type":"post","link":"http:\/\/argentinamunicipal.com.ar\/argentina\/la-legislatura-bonaerense-encarara-campanas-financiara-municipios-combatir-la-violencia-genero\/","title":{"rendered":"La Legislatura bonaerense encarar\u00e1 campa\u00f1as y financiar\u00e1 a municipios para combatir la violencia de g\u00e9nero"},"content":{"rendered":"<p>La iniciativa se denomina \u201cProyectos de Vida- Libres de Violencia\u201d fue presentada hoy y comenzar\u00e1 a funcionar en cuatro distritos. Buscan erradicar la violencia de g\u00e9nero.<\/p>\n<p>Autoridades de la C\u00e1mara de Diputados, junto a intendentes bonaerenses, presentaron hoy un programa integral para contribuir a la prevenci\u00f3n, sanci\u00f3n y erradicaci\u00f3n de la violencia de g\u00e9nero. El programa se titula \u00abProyectos de Vida &#8211; Libres de Violencia\u00bb y su objetivo es \u201cfortalecer la pol\u00edtica legislativa en materia, acompa\u00f1ando y complementando las acciones del Poder Ejecutivo Provincial y brindando a las mujeres, a trav\u00e9s de espacios de abordaje de la problem\u00e1tica a nivel municipal, los medios que contribuyan a las estrategias de restituci\u00f3n\u201d.<\/p>\n<p>La presentaci\u00f3n estuvo encabezada por el Presidente de la C\u00e1mara de Diputados, Manuel Mosca, junto a los intendentes de Lomas de Zamora, Mart\u00edn Insaurralde; San Miguel del Monte, Sandra Mayol; La Plata, Julio Garro y San Miguel, Jaime M\u00e9ndez. En di\u00e1logo con la prensa, mosca resumi\u00f3 la iniciativa en dos ejes: difusi\u00f3n y financiamiento para programas espec\u00edficos a ejecutarse a trav\u00e9s de los municipios.<\/p>\n<p>La idea, resumi\u00f3 Mosca, es \u00abdarle visibilidad a la problem\u00e1tica trav\u00e9s de campa\u00f1as de difusi\u00f3n, a trav\u00e9s de la pauta de la C\u00e1mara y una serie de sposts que se van a proyectar desde la semana que viene hasta fin de a\u00f1o\u00bb. Respecto del segundo eje, la idea es que \u00abcuando se detecte una v\u00edctima de violencia de g\u00e9nero, a trav\u00e9s de esos aportes permitamos que esta mujer tenga un proyecto econ\u00f3micamente independiente y salir adelante\u00bb.<\/p>\n<p>La iniciativa fue bien recibida por los intendentes presentes. Insaurralde tild\u00f3 de \u00abin\u00e9dita\u00bb la decisi\u00f3n de la Legislatura de \u00abinvolucrarse directamente para resolver los problemas de los vecinos de Lomas de Zamora\u00bb.<\/p>\n<p>Por su parte, Sandra Mayol puso el foco en la importancia de \u00abempoderar\u00bb a la mujer \u00absometida, golpeada o discriminada\u00bb. \u00abUno acompa\u00f1a a la familia, a la mujer sometida, a veces golpeada o discriminada, pero no hay un a pol\u00edtica de fondo, sustentable en el tiempo\u00bb, observ\u00f3. En ese sentido, remarc\u00f3 que el proyecto \u00abhace que uno trabaje en equipo con la provicia, al bajar un fondo importante para fortalecer a la mujer, empoderarla y darle la posibilidad de que pueda salir sola\u00bb.<\/p>\n<p>El secretario General de la municipalidad de La Plata, Javier Mor Roig, resalt\u00f3\u00a0la iniciativa de que el Estado brinde \u00ablas herramientas le permitan que no tenga que tolerar esa situaci\u00f3n\u00bb. \u00abVenimos desarrollando pol\u00edticas de g\u00e9nero, es uno de los ejes que ha fijado el intendente Julio Garro\u00bb, agreg\u00f3 Mor Roig.<\/p>\n<h6>Fuente: InfoCielo<\/h6>\n","protected":false},"excerpt":{"rendered":"<p>La iniciativa se denomina \u201cProyectos de Vida- Libres de Violencia\u201d fue presentada hoy y comenzar\u00e1 a funcionar en cuatro distritos. Buscan erradicar la violencia de g\u00e9nero.<\/p>\n","protected":false},"author":2,"featured_media":61741,"comment_status":"closed","ping_status":"closed","sticky":false,"template":"","format":"standard","meta":{"footnotes":""},"categories":[2],"tags":[12],"class_list":["post-61740","post","type-post","status-publish","format-standard","has-post-thumbnail","hentry","category-informe-municipal","tag-buenos-aires"],"_links":{"self":[{"href":"http:\/\/argentinamunicipal.com.ar\/argentina\/wp-json\/wp\/v2\/posts\/61740","targetHints":{"allow":["GET"]}}],"collection":[{"href":"http:\/\/argentinamunicipal.com.ar\/argentina\/wp-json\/wp\/v2\/posts"}],"about":[{"href":"http:\/\/argentinamunicipal.com.ar\/argentina\/wp-json\/wp\/v2\/types\/post"}],"author":[{"embeddable":true,"href":"http:\/\/argentinamunicipal.com.ar\/argentina\/wp-json\/wp\/v2\/users\/2"}],"replies":[{"embeddable":true,"href":"http:\/\/argentinamunicipal.com.ar\/argentina\/wp-json\/wp\/v2\/comments?post=61740"}],"version-history":[{"count":0,"href":"http:\/\/argentinamunicipal.com.ar\/argentina\/wp-json\/wp\/v2\/posts\/61740\/revisions"}],"wp:featuredmedia":[{"embeddable":true,"href":"http:\/\/argentinamunicipal.com.ar\/argentina\/wp-json\/wp\/v2\/media\/61741"}],"wp:attachment":[{"href":"http:\/\/argentinamunicipal.com.ar\/argentina\/wp-json\/wp\/v2\/media?parent=61740"}],"wp:term":[{"taxonomy":"category","embeddable":true,"href":"http:\/\/argentinamunicipal.com.ar\/argentina\/wp-json\/wp\/v2\/categories?post=61740"},{"taxonomy":"post_tag","embeddable":true,"href":"http:\/\/argentinamunicipal.com.ar\/argentina\/wp-json\/wp\/v2\/tags?post=61740"}],"curies":[{"name":"wp","href":"https:\/\/api.w.org\/{rel}","templated":true}]}}