{"id":61743,"date":"2017-04-18T06:52:16","date_gmt":"2017-04-18T09:52:16","guid":{"rendered":"http:\/\/argentinamunicipal.com.ar\/argentina\/?p=61743"},"modified":"2017-04-18T06:52:16","modified_gmt":"2017-04-18T09:52:16","slug":"ponen-marcha-portal-combatir-la-desocupacion-toda-la-provincia-buenos-aires","status":"publish","type":"post","link":"http:\/\/argentinamunicipal.com.ar\/argentina\/ponen-marcha-portal-combatir-la-desocupacion-toda-la-provincia-buenos-aires\/","title":{"rendered":"Ponen en marcha portal para combatir la desocupaci\u00f3n en toda la provincia de Buenos Aires"},"content":{"rendered":"<p>El Poder Ejecutivo bonaerense dio impulso al funcionamiento de una p\u00e1gina web para ayudar a los bonaerenses a encontrar trabajo privado. Seg\u00fan datos del Indec, en el \u00faltimo trimestre del 2016, hab\u00eda 967 mil personas sin trabajo en todo el territorio provincial.<\/p>\n<p>El sitio web puesto en marcha por el gobierno bonaerense se denomina portalempleo.gba.gov.ar y se desempe\u00f1ar\u00e1 como intermediaci\u00f3n para acercar la demanda de los desocupados a la oferta que puedan hacerle las empresas.<\/p>\n<p>El mismo funciona con un software desarrollado por la AMIA que, adem\u00e1s, capacita a empleados del Ministerio de Trabajo provincial en recursos humanos y selecci\u00f3n de personal.<\/p>\n<p>All\u00ed, cada usuario puede cargar su curriculum, administrarlo, actualizarlo e imprimirlo, revisar la bolsa de trabajo disponible y enterarse de novedades, entre otras funcionalidades.<\/p>\n<p>La iniciativa del ministerio de Trabajo, que conduce Marcelo Villegas es en simult\u00e1neo con el anuncio de la cartera nacional de desarrollar el \u00abPrograma de transici\u00f3n al salario social complementario\u00bb, que prev\u00e9 un pago adicional de 4.000 pesos a personas que ya perciben un plan social y tienen alg\u00fan trabajo dentro de la econom\u00eda informal, como pueden ser los cartoneros, recolectores, peque\u00f1os productores y los cuidadores de ancianos o ni\u00f1os. Es para llegar al sueldo m\u00ednimo, vital y m\u00f3vil. En principio incluir\u00eda a 18.000 trabajadores.<\/p>\n<p>Seg\u00fan los datos del mercado laboral difundidos por el Indec, durante el \u00faltimo trimestre de 2016 el desempleo cerr\u00f3 en 7,6% en todo el pa\u00eds. Se registraron, en ese lapso, 5 millones de personas desocupadas y 4,3 millones con problemas de empleo.<\/p>\n<p>De esa cantidad de desocupados, casi 967 mil est\u00e1n en la provincia de Buenos Aires, y a su vez la ciudad con m\u00e1s desocupados relativos fue Mar del Plata con 10,6%.<\/p>\n<h6>Fuente: InfoCielo<\/h6>\n","protected":false},"excerpt":{"rendered":"<p>El Poder Ejecutivo bonaerense dio impulso al funcionamiento de una p\u00e1gina web para ayudar a los bonaerenses a encontrar trabajo privado. Seg\u00fan datos del Indec, en el \u00faltimo trimestre del 2016, hab\u00eda 967 mil personas sin trabajo en todo el territorio provincial.<\/p>\n","protected":false},"author":2,"featured_media":61744,"comment_status":"closed","ping_status":"closed","sticky":false,"template":"","format":"standard","meta":{"footnotes":""},"categories":[65],"tags":[12],"class_list":["post-61743","post","type-post","status-publish","format-standard","has-post-thumbnail","hentry","category-provincias","tag-buenos-aires"],"_links":{"self":[{"href":"http:\/\/argentinamunicipal.com.ar\/argentina\/wp-json\/wp\/v2\/posts\/61743","targetHints":{"allow":["GET"]}}],"collection":[{"href":"http:\/\/argentinamunicipal.com.ar\/argentina\/wp-json\/wp\/v2\/posts"}],"about":[{"href":"http:\/\/argentinamunicipal.com.ar\/argentina\/wp-json\/wp\/v2\/types\/post"}],"author":[{"embeddable":true,"href":"http:\/\/argentinamunicipal.com.ar\/argentina\/wp-json\/wp\/v2\/users\/2"}],"replies":[{"embeddable":true,"href":"http:\/\/argentinamunicipal.com.ar\/argentina\/wp-json\/wp\/v2\/comments?post=61743"}],"version-history":[{"count":0,"href":"http:\/\/argentinamunicipal.com.ar\/argentina\/wp-json\/wp\/v2\/posts\/61743\/revisions"}],"wp:featuredmedia":[{"embeddable":true,"href":"http:\/\/argentinamunicipal.com.ar\/argentina\/wp-json\/wp\/v2\/media\/61744"}],"wp:attachment":[{"href":"http:\/\/argentinamunicipal.com.ar\/argentina\/wp-json\/wp\/v2\/media?parent=61743"}],"wp:term":[{"taxonomy":"category","embeddable":true,"href":"http:\/\/argentinamunicipal.com.ar\/argentina\/wp-json\/wp\/v2\/categories?post=61743"},{"taxonomy":"post_tag","embeddable":true,"href":"http:\/\/argentinamunicipal.com.ar\/argentina\/wp-json\/wp\/v2\/tags?post=61743"}],"curies":[{"name":"wp","href":"https:\/\/api.w.org\/{rel}","templated":true}]}}