{"id":61755,"date":"2017-04-18T07:12:00","date_gmt":"2017-04-18T10:12:00","guid":{"rendered":"http:\/\/argentinamunicipal.com.ar\/argentina\/?p=61755"},"modified":"2017-04-18T07:12:00","modified_gmt":"2017-04-18T10:12:00","slug":"emergencia-social-le-daran-4-000-mes-trabajadores-la-economia-popular","status":"publish","type":"post","link":"http:\/\/argentinamunicipal.com.ar\/argentina\/emergencia-social-le-daran-4-000-mes-trabajadores-la-economia-popular\/","title":{"rendered":"Emergencia Social: le dar\u00e1n $4.000 por mes a trabajadores de la econom\u00eda popular"},"content":{"rendered":"<p>Se oficializ\u00f3 la creaci\u00f3n de un programa de Transici\u00f3n al Salario Social Complementario que otorgar\u00e1 \u00abuna ayuda econ\u00f3mica no remunerativa mensual\u00bb a quienes est\u00e9n incluidos en este sector.<\/p>\n<p>El Gobierno nacional oficializ\u00f3 hoy la creaci\u00f3n del programa de Transici\u00f3n al Salario Social Complementario que otorgar\u00e1 \u00abuna ayuda econ\u00f3mica no remunerativa mensual\u00bb de 4.000 pesos a trabajadores \u00abincluidos en acciones o programas nacionales de empleo vinculados a la econom\u00eda popular\u00bb.<\/p>\n<p>El plan creado por la resoluci\u00f3n 201 del Ministerio de Trabajo apunta a \u00ablos trabajadores que finalicen luego de la entrada en vigor de la Ley 27.345\u00bb que sancion\u00f3 en diciembre pasado la pr\u00f3rroga de la Emergencia Social, \u00absu participaci\u00f3n en algunas de las l\u00edneas de asistencia econ\u00f3mica individual\u00bb de los programas Trabajo Autogestionado, Construir Empleo o en acciones especiales de empleo implementadas por la cartera laboral.<\/p>\n<p>La resoluci\u00f3n, publicada hoy en el Bolet\u00edn Oficial, precisa que los trabajadores destinatarios del programa \u00abpercibir\u00e1n en forma directa y personalizada una ayuda econ\u00f3mica no remunerativa mensual de $ 4.000, para su disponibilidad a trav\u00e9s de una tarjeta magn\u00e9tica\u00bb, hasta tanto se haga efectiva la implementaci\u00f3n del Salario Social Complementario previsto por la ley de pr\u00f3rroga de la emergencia social.<\/p>\n<p>\u00abEsta prestaci\u00f3n dineraria tendr\u00e1 por objetivo solventar, apoyar y promover los esfuerzos individuales y colectivos de los sectores sociales m\u00e1s postergados, dirigidos a concretar su fuerza laboral en un trabajo formal y de calidad\u00bb, a\u00f1ade.<\/p>\n<p>Adem\u00e1s, el cobro de la ayuda econ\u00f3mica ser\u00e1 incompatible con la percepci\u00f3n de otras remuneraciones provenientes de un contrato laboral bajo relaci\u00f3n de dependencia u otras prestaciones o \u00abayudas econ\u00f3micas provenientes de programas de empleo\u00bb.<\/p>\n<p>La resoluci\u00f3n tambi\u00e9n especifica que \u00ablas organizaciones inscriptas en el Registro de Organizaciones Sociales de la Econom\u00eda Popular y Empresas Autogestionadas podr\u00e1n participar, en los t\u00e9rminos que fije la reglamentaci\u00f3n, en el proceso de incorporaci\u00f3n de trabajadores y trabajadoras al presente Programa\u00bb.<\/p>\n<p>Por otra parte, los empleadores que contraten a trabajadores incluidos en el nuevo programa \u00abpodr\u00e1n acceder a los incentivos econ\u00f3micos establecidos\u00bb en el \u00e1mbito de la cartera laboral. La norma tendr\u00e1 vigencia \u00abhasta el d\u00eda 31 de diciembre de 2017 o hasta la efectiva implementaci\u00f3n del Salario Social Complementario previsto por la Ley N\u00b0 27.345, lo que ocurra primero\u00bb.<\/p>\n<h6>Fuente: Uno Santa fe<\/h6>\n","protected":false},"excerpt":{"rendered":"<p>Se oficializ\u00f3 la creaci\u00f3n de un programa de Transici\u00f3n al Salario Social Complementario que otorgar\u00e1 \u00abuna ayuda econ\u00f3mica no remunerativa mensual\u00bb a quienes est\u00e9n incluidos en este sector.<\/p>\n","protected":false},"author":2,"featured_media":61756,"comment_status":"closed","ping_status":"closed","sticky":false,"template":"","format":"standard","meta":{"footnotes":""},"categories":[8],"tags":[21],"class_list":["post-61755","post","type-post","status-publish","format-standard","has-post-thumbnail","hentry","category-informe-nacional","tag-argentina"],"_links":{"self":[{"href":"http:\/\/argentinamunicipal.com.ar\/argentina\/wp-json\/wp\/v2\/posts\/61755","targetHints":{"allow":["GET"]}}],"collection":[{"href":"http:\/\/argentinamunicipal.com.ar\/argentina\/wp-json\/wp\/v2\/posts"}],"about":[{"href":"http:\/\/argentinamunicipal.com.ar\/argentina\/wp-json\/wp\/v2\/types\/post"}],"author":[{"embeddable":true,"href":"http:\/\/argentinamunicipal.com.ar\/argentina\/wp-json\/wp\/v2\/users\/2"}],"replies":[{"embeddable":true,"href":"http:\/\/argentinamunicipal.com.ar\/argentina\/wp-json\/wp\/v2\/comments?post=61755"}],"version-history":[{"count":0,"href":"http:\/\/argentinamunicipal.com.ar\/argentina\/wp-json\/wp\/v2\/posts\/61755\/revisions"}],"wp:featuredmedia":[{"embeddable":true,"href":"http:\/\/argentinamunicipal.com.ar\/argentina\/wp-json\/wp\/v2\/media\/61756"}],"wp:attachment":[{"href":"http:\/\/argentinamunicipal.com.ar\/argentina\/wp-json\/wp\/v2\/media?parent=61755"}],"wp:term":[{"taxonomy":"category","embeddable":true,"href":"http:\/\/argentinamunicipal.com.ar\/argentina\/wp-json\/wp\/v2\/categories?post=61755"},{"taxonomy":"post_tag","embeddable":true,"href":"http:\/\/argentinamunicipal.com.ar\/argentina\/wp-json\/wp\/v2\/tags?post=61755"}],"curies":[{"name":"wp","href":"https:\/\/api.w.org\/{rel}","templated":true}]}}