{"id":61758,"date":"2017-04-18T07:25:03","date_gmt":"2017-04-18T10:25:03","guid":{"rendered":"http:\/\/argentinamunicipal.com.ar\/argentina\/?p=61758"},"modified":"2017-04-18T07:25:03","modified_gmt":"2017-04-18T10:25:03","slug":"concordia-ciudad-pobre-region-rica","status":"publish","type":"post","link":"http:\/\/argentinamunicipal.com.ar\/argentina\/concordia-ciudad-pobre-region-rica\/","title":{"rendered":"Concordia: \u00abCiudad pobre, regi\u00f3n rica\u00bb"},"content":{"rendered":"<p>Tal el t\u00edtulo de las reflexiones que public\u00f3 en su sitio web el Centro de Comercio, Industria y Servicios, a prop\u00f3sito de la pobreza en la capital del citrus. \u00abEsto es caldo gordo para pocos y miseria para miles\u00bb, dice.<\/p>\n<p>El segundo puesto de Concordia entre las ciudades m\u00e1s pobres del pa\u00eds seg\u00fan el \u00faltimo relevamiento del INDEC dio lugar a un debate pol\u00edtico con acusaciones cruzadas, que se diluy\u00f3 apenas una semana despu\u00e9s, dando paso a otros asuntos.<\/p>\n<p>Pero el Centro de Comercio, Industria y Servicios decidi\u00f3 terciar en el debate mediante un mensaje publicado desde el 12 de abril en su sitio web, titulado \u00abCiudad pobre, regi\u00f3n rica\u00bb.<\/p>\n<p>La entidad asevera que \u00abnunca\u00bb Concordia \u00abdiscuti\u00f3 a fondo su desarrollo\u00bb, denuncia que \u00abvienen grupos econ\u00f3micos, corporaciones y cadenas multinacionales a una ciudad sin rumbo, a sacar un provecho propio\u00bb y reclama un urgente \u00abcambio de actitud\u00bb.<\/p>\n<p><strong>Aqu\u00ed, la mirada del Centro de Comercio:<\/strong><\/p>\n<p>Un extranjero que viene por primera vez a la regi\u00f3n, observa con curiosidad. Escuch\u00f3 decir que concurr\u00eda al lugar m\u00e1s pobre del pa\u00eds y quiso corroborar con sus propios ojos. En la medida en que se acercaba, m\u00e1s impresionado quedaba con la naturaleza de la regi\u00f3n, con sus cursos de agua, su forestaci\u00f3n, su copioso verde, sus fabricas, sus concesionarias, las estaciones de servicios, el parque industrial, el tr\u00e1nsito intenso, etc. Su conclusi\u00f3n fue: \u00abesta es una regi\u00f3n rica\u00bb. No entend\u00eda entonces c\u00f3mo en una regi\u00f3n rica pod\u00eda haber una ciudad pobre.<\/p>\n<p><strong>Partimos de publicaciones del 2001:<\/strong><\/p>\n<p>\u00abConcordia se ubica dentro de la categor\u00eda de ciudad mediana, actualmente la segunda ciudad de la Provincia de Entre R\u00edos (141.528 habitantes en 2001) y la m\u00e1s importante sobre la costa del r\u00edo Uruguay. Es cabecera del departamento hom\u00f3nimo. La organizaci\u00f3n del espacio urbano manifiesta un modelo segregativo que fue siguiendo la divisi\u00f3n centro-periferia, profundamente marcado por la presencia de los arroyos y m\u00e1s tarde del ferrocarril.<\/p>\n<p>La mayor inflexi\u00f3n se produjo en la d\u00e9cada del &#8217;70-&#8217;80 con la construcci\u00f3n de la Represa de Salto Grande y un crecimiento poblacional cercano al 30%. M\u00e1s de 28.000 habitantes, mayoritariamente mano de obra no calificada, quedaron en la zona una vez terminada la construcci\u00f3n de la represa, con sus consabidas consecuencias en materia laboral. En el aspecto urbano han conformado un cintur\u00f3n de \u00abvillas\u00bb, en la periferia y zonas inundables de la ciudad. El 49% de esta poblaci\u00f3n padece NBI (necesidades b\u00e1sicas insatisfechas). La ciudad posee inconvenientes en sus accesos y trama circulatoria en general y presenta un ambiente un tanto degradado por la marginalidad de su periferia, as\u00ed como en toda la zona costera por la acci\u00f3n modificadora del r\u00edo Uruguay\u00bb.<\/p>\n<p><strong>Tambi\u00e9n se le\u00eda en esos a\u00f1os:<\/strong><\/p>\n<p>\u00abLos cambios de la situaci\u00f3n econ\u00f3mica en un mercado laboral inestable, con la elevaci\u00f3n del desempleo, tienden a afectar negativamente el bienestar de la poblaci\u00f3n, en tanto ampl\u00eda las fluctuaciones de los ingresos y genera m\u00e1s brechas entre ricos y pobres.\u00bb<\/p>\n<p><strong>Por el a\u00f1o 2012 se le\u00eda esta publicaci\u00f3n de pol\u00edticos locales:<\/strong><\/p>\n<p>\u00abUna ciudad que posee el mayor n\u00famero de beneficiarios de programas sociales: 2034 beneficiarios cooperativizados del Programa Argentina Trabaja, m\u00e1s de 6000 beneficiarios de la Asignaci\u00f3n Universal por Hijo, los que sumados a pensionados graciables y jubilados sin aportes al sistema previsional, representan m\u00e1s del 20% de la poblaci\u00f3n.<\/p>\n<p>No existen pol\u00edticas a mediano o largo plazo, planificaci\u00f3n, b\u00fasqueda de inversiones, creaci\u00f3n de empleo, inserci\u00f3n, recursos propios destinados por el municipio para viviendas sociales. Los programas sociales enlatados del Gobierno Nacional excluyen del sistema a aquel que puede conseguir un trabajo, inclusive los zafreros como el citrus y el ar\u00e1ndano que nos caracterizan, dej\u00e1ndolos fuera de beneficios como el Interzafra, del cual 4500 beneficiarios de la AUH quedaron fuera en el verano de 2012.\u00bb<\/p>\n<p><strong>Qu\u00e9 refleja esto hoy, a\u00f1o 2017, con la pobreza en el techo<\/strong><\/p>\n<p>Que si tenemos pobreza como indica el INDEC, no es porque no hayamos tenido gobiernos alineados, ni porque nunca tuvimos gobernadores de nuestra ciudad, ni porque no nos mandan los fondos, ni porque es un modelo u otro, o porque el Concejo no tiene mayor\u00eda.<\/p>\n<p>Es que si bien hemos crecido en poblaci\u00f3n, servicios, edificios, paseos, gastronom\u00eda, hoteler\u00edas y otros menesteres, NUNCA esta ciudad discuti\u00f3 a fondo su desarrollo.<\/p>\n<p>Vienen grupos econ\u00f3micos, corporaciones y cadenas multinacionales a una ciudad sin rumbo, a sacar un provecho propio. Necesitamos de proyectos comunitarios, donde los ciudadanos hayan establecido qu\u00e9 ciudad pretenden para las pr\u00f3ximas generaciones.<\/p>\n<p>Son \u00abotros\u00bb los que usan la ciudad y no la ciudadan\u00eda que vive en ella.<\/p>\n<p>Est\u00e1 comprobado que no necesitamos millones de pesos; necesitamos miles de voluntades detr\u00e1s de un objetivo. Esto es \u00abCaldo Gordo\u00bb para pocos y miseria para miles.<\/p>\n<p>Si no tenemos un cambio de actitud, seguiremos los pr\u00f3ximos a\u00f1os siendo t\u00edtulo del INDEC en pobreza, por los siglos de los siglos.<\/p>\n<h6>Fuente: El Diario<\/h6>\n","protected":false},"excerpt":{"rendered":"<p>Tal el t\u00edtulo de las reflexiones que public\u00f3 en su sitio web el Centro de Comercio, Industria y Servicios, a prop\u00f3sito de la pobreza en la capital del citrus. \u00abEsto es caldo gordo para pocos y miseria para miles\u00bb, dice.<\/p>\n","protected":false},"author":2,"featured_media":61759,"comment_status":"closed","ping_status":"closed","sticky":false,"template":"","format":"standard","meta":{"footnotes":""},"categories":[2],"tags":[17],"class_list":["post-61758","post","type-post","status-publish","format-standard","has-post-thumbnail","hentry","category-informe-municipal","tag-entre-rios"],"_links":{"self":[{"href":"http:\/\/argentinamunicipal.com.ar\/argentina\/wp-json\/wp\/v2\/posts\/61758","targetHints":{"allow":["GET"]}}],"collection":[{"href":"http:\/\/argentinamunicipal.com.ar\/argentina\/wp-json\/wp\/v2\/posts"}],"about":[{"href":"http:\/\/argentinamunicipal.com.ar\/argentina\/wp-json\/wp\/v2\/types\/post"}],"author":[{"embeddable":true,"href":"http:\/\/argentinamunicipal.com.ar\/argentina\/wp-json\/wp\/v2\/users\/2"}],"replies":[{"embeddable":true,"href":"http:\/\/argentinamunicipal.com.ar\/argentina\/wp-json\/wp\/v2\/comments?post=61758"}],"version-history":[{"count":0,"href":"http:\/\/argentinamunicipal.com.ar\/argentina\/wp-json\/wp\/v2\/posts\/61758\/revisions"}],"wp:featuredmedia":[{"embeddable":true,"href":"http:\/\/argentinamunicipal.com.ar\/argentina\/wp-json\/wp\/v2\/media\/61759"}],"wp:attachment":[{"href":"http:\/\/argentinamunicipal.com.ar\/argentina\/wp-json\/wp\/v2\/media?parent=61758"}],"wp:term":[{"taxonomy":"category","embeddable":true,"href":"http:\/\/argentinamunicipal.com.ar\/argentina\/wp-json\/wp\/v2\/categories?post=61758"},{"taxonomy":"post_tag","embeddable":true,"href":"http:\/\/argentinamunicipal.com.ar\/argentina\/wp-json\/wp\/v2\/tags?post=61758"}],"curies":[{"name":"wp","href":"https:\/\/api.w.org\/{rel}","templated":true}]}}