{"id":61775,"date":"2017-04-18T05:39:17","date_gmt":"2017-04-18T08:39:17","guid":{"rendered":"http:\/\/argentinamunicipal.com.ar\/argentina\/?p=61775"},"modified":"2017-04-18T07:41:35","modified_gmt":"2017-04-18T10:41:35","slug":"macri-aumento-25-la-estructura-del-estado","status":"publish","type":"post","link":"http:\/\/argentinamunicipal.com.ar\/argentina\/macri-aumento-25-la-estructura-del-estado\/","title":{"rendered":"Macri aument\u00f3 un 25% la estructura del Estado"},"content":{"rendered":"<p>A pesar de haber despedido a mucha gente, el presidente subi\u00f3 el gasto p\u00fablico.<\/p>\n<p>El 2,4% de inflaci\u00f3n en marzo llev\u00f3 al Banco Central a elevar la tasa de inter\u00e9s de referencia para controlar los precios y el gobierno de Mauricio Macri recibi\u00f3 cr\u00edticas por no avanzar en el recorte del gasto p\u00fablico prometido, sino aumentarlo: hoy tiene 21 ministerios, 87 secretar\u00edas de Estado, 207 subsecretarias de Estado y 687 direcciones nacionales y generales.<\/p>\n<p>As\u00ed lo indic\u00f3 un relevamiento de la Fundaci\u00f3n Libertad y Progreso (LyP) y se puede constatar en la p\u00e1gina web mapadelestado.modernizacion.gob.ar.<\/p>\n<p>Seg\u00fan LyP, existen adem\u00e1s 122 institutos y organismos, sin contar universidades ni academias. En total, existen 1124 unidades administrativas.<\/p>\n<p>Si bien el grueso del gasto presupuestario son subsidios a la energ\u00eda, el transporte y los planes sociales, Macri increment\u00f3 un 25% promedio la estructura del Estado, pese a haber prometido una reducci\u00f3n y a haber despedido 11.000 contratados.<\/p>\n<p>Voceros del ministro de Hacienda, Nicol\u00e1s Dujovne, aseguraron que se cumplir\u00e1 la meta fiscal prevista de un d\u00e9ficit de 4,2% del PBI para 2017; 3,2% para 2018, y 2,2% para 2019. Pero el ex secretario de Finanzas, Guillermo Nielsen, estima que el rojo ser\u00e1 de 8% este a\u00f1o.<\/p>\n<p>Apenas asumi\u00f3, en enero, Dujovne prometi\u00f3 recortes de gasto, fusiones de programas, organismos y estructuras. Nada ocurri\u00f3 a\u00fan: el debate se reflot\u00f3 por la suba de la tasa del BCRA de 24,75% a 26,25% la semana \u00faltima, lo que podr\u00eda enfriar la econom\u00eda.<\/p>\n<p>Se ajusta la pol\u00edtica monetaria, pero no la fiscal. Ello puede generar inflaci\u00f3n, retraso cambiario, freno a la actividad, menos oferta de cr\u00e9dito, presi\u00f3n tributaria y pobreza.<\/p>\n<h6>Fuente: dataChaco<\/h6>\n","protected":false},"excerpt":{"rendered":"<p>A pesar de haber despedido a mucha gente, el presidente subi\u00f3 el gasto p\u00fablico. <\/p>\n","protected":false},"author":2,"featured_media":61776,"comment_status":"closed","ping_status":"closed","sticky":false,"template":"","format":"standard","meta":{"footnotes":""},"categories":[8],"tags":[21],"class_list":["post-61775","post","type-post","status-publish","format-standard","has-post-thumbnail","hentry","category-informe-nacional","tag-argentina"],"_links":{"self":[{"href":"http:\/\/argentinamunicipal.com.ar\/argentina\/wp-json\/wp\/v2\/posts\/61775","targetHints":{"allow":["GET"]}}],"collection":[{"href":"http:\/\/argentinamunicipal.com.ar\/argentina\/wp-json\/wp\/v2\/posts"}],"about":[{"href":"http:\/\/argentinamunicipal.com.ar\/argentina\/wp-json\/wp\/v2\/types\/post"}],"author":[{"embeddable":true,"href":"http:\/\/argentinamunicipal.com.ar\/argentina\/wp-json\/wp\/v2\/users\/2"}],"replies":[{"embeddable":true,"href":"http:\/\/argentinamunicipal.com.ar\/argentina\/wp-json\/wp\/v2\/comments?post=61775"}],"version-history":[{"count":0,"href":"http:\/\/argentinamunicipal.com.ar\/argentina\/wp-json\/wp\/v2\/posts\/61775\/revisions"}],"wp:featuredmedia":[{"embeddable":true,"href":"http:\/\/argentinamunicipal.com.ar\/argentina\/wp-json\/wp\/v2\/media\/61776"}],"wp:attachment":[{"href":"http:\/\/argentinamunicipal.com.ar\/argentina\/wp-json\/wp\/v2\/media?parent=61775"}],"wp:term":[{"taxonomy":"category","embeddable":true,"href":"http:\/\/argentinamunicipal.com.ar\/argentina\/wp-json\/wp\/v2\/categories?post=61775"},{"taxonomy":"post_tag","embeddable":true,"href":"http:\/\/argentinamunicipal.com.ar\/argentina\/wp-json\/wp\/v2\/tags?post=61775"}],"curies":[{"name":"wp","href":"https:\/\/api.w.org\/{rel}","templated":true}]}}