{"id":61814,"date":"2017-04-19T07:18:40","date_gmt":"2017-04-19T10:18:40","guid":{"rendered":"http:\/\/argentinamunicipal.com.ar\/argentina\/?p=61814"},"modified":"2017-04-19T07:18:40","modified_gmt":"2017-04-19T10:18:40","slug":"dijo-la-municipalidad-quilmes-violento-desalojo-los-manteros","status":"publish","type":"post","link":"http:\/\/argentinamunicipal.com.ar\/argentina\/dijo-la-municipalidad-quilmes-violento-desalojo-los-manteros\/","title":{"rendered":"Qu\u00e9 dijo la Municipalidad de Quilmes sobre el violento desalojo a los manteros"},"content":{"rendered":"<p>La Municipalidad de Quilmes inform\u00f3 hoy que los manteros no ten\u00edan autorizaci\u00f3n para que vender y que los desalojaron \u00abpara dar igualdad de oportunidades para todos\u00bb. Adem\u00e1s, agregaron que inspectores resultaron heridos.<\/p>\n<p>Desde el Gobierno local que dirige el macrista Martiniano Molina informaron hoy que el desalojo a los manteros se dio en un contexto de \u00abforcejeos entre la Polic\u00eda y los mismos\u00bb, situaci\u00f3n que se gener\u00f3 luego de que intentaran secuestrar la mercader\u00eda de los trabajadores.<\/p>\n<p>\u00abAnte los hechos ocurridos en el d\u00eda de ayer en la Av. Hip\u00f3lito Yrigoyen entre Rivadavia y Alem, durante el procedimiento de rutina que lleva adelante la Agencia de Fiscalizaci\u00f3n y Control Comunal (AFyCC) con el fin de recuperar el Espacio P\u00fablico, se informa que como resultado del impedimento, por parte de los vendedores, del secuestro de la mercader\u00eda, acontecieron forcejeos entre la polic\u00eda y los mismos\u00bb, remarcaron a trav\u00e9s de un comunicado.<\/p>\n<p>Asimismo, agregaron que\u00a0\u00abinspectores municipales resultaron heridos\u00bb durante los incidentes y que decidieron presentar una denuncia al respecto en la Comisaria Primera de Quilmes.<\/p>\n<p>\u201cTrabajamos para dar igualdad de oportunidades para todos. Por eso estamos avanzando en la relocalizaci\u00f3n de los vendedores, tanto para el centro de Quilmes como para la calle 844 en San Francisco Solano, otorgando una propuesta superadora\u201d, asegur\u00f3 el titular de la AFyCC, Gonzalo Ponce.<\/p>\n<p>El funcionario local tambi\u00e9n dijo que \u201csi (los manteros) est\u00e1n ocupando el espacio p\u00fablico no es por culpa de ellos, sino porque los Gobiernos anteriores no les dieron la oportunidad de trabajar en un lugar digno y optaron por permitir que est\u00e9n ocupando el espacio p\u00fablico que es de todos los quilme\u00f1os\u201d.<\/p>\n<h6>Fuente: InfoCielo<\/h6>\n","protected":false},"excerpt":{"rendered":"<p>La Municipalidad de Quilmes inform\u00f3 hoy que los manteros no ten\u00edan autorizaci\u00f3n para que vender y que los desalojaron \u00abpara dar igualdad de oportunidades para todos\u00bb. Adem\u00e1s, agregaron que inspectores resultaron heridos.<\/p>\n","protected":false},"author":2,"featured_media":61815,"comment_status":"closed","ping_status":"closed","sticky":false,"template":"","format":"standard","meta":{"footnotes":""},"categories":[2],"tags":[12],"class_list":["post-61814","post","type-post","status-publish","format-standard","has-post-thumbnail","hentry","category-informe-municipal","tag-buenos-aires"],"_links":{"self":[{"href":"http:\/\/argentinamunicipal.com.ar\/argentina\/wp-json\/wp\/v2\/posts\/61814","targetHints":{"allow":["GET"]}}],"collection":[{"href":"http:\/\/argentinamunicipal.com.ar\/argentina\/wp-json\/wp\/v2\/posts"}],"about":[{"href":"http:\/\/argentinamunicipal.com.ar\/argentina\/wp-json\/wp\/v2\/types\/post"}],"author":[{"embeddable":true,"href":"http:\/\/argentinamunicipal.com.ar\/argentina\/wp-json\/wp\/v2\/users\/2"}],"replies":[{"embeddable":true,"href":"http:\/\/argentinamunicipal.com.ar\/argentina\/wp-json\/wp\/v2\/comments?post=61814"}],"version-history":[{"count":0,"href":"http:\/\/argentinamunicipal.com.ar\/argentina\/wp-json\/wp\/v2\/posts\/61814\/revisions"}],"wp:featuredmedia":[{"embeddable":true,"href":"http:\/\/argentinamunicipal.com.ar\/argentina\/wp-json\/wp\/v2\/media\/61815"}],"wp:attachment":[{"href":"http:\/\/argentinamunicipal.com.ar\/argentina\/wp-json\/wp\/v2\/media?parent=61814"}],"wp:term":[{"taxonomy":"category","embeddable":true,"href":"http:\/\/argentinamunicipal.com.ar\/argentina\/wp-json\/wp\/v2\/categories?post=61814"},{"taxonomy":"post_tag","embeddable":true,"href":"http:\/\/argentinamunicipal.com.ar\/argentina\/wp-json\/wp\/v2\/tags?post=61814"}],"curies":[{"name":"wp","href":"https:\/\/api.w.org\/{rel}","templated":true}]}}