{"id":61820,"date":"2017-04-19T07:26:14","date_gmt":"2017-04-19T10:26:14","guid":{"rendered":"http:\/\/argentinamunicipal.com.ar\/argentina\/?p=61820"},"modified":"2017-04-19T07:26:14","modified_gmt":"2017-04-19T10:26:14","slug":"ahora-jorge-macri-estampo-nombre-vehiculos-publicos-estallo-la-polemica","status":"publish","type":"post","link":"http:\/\/argentinamunicipal.com.ar\/argentina\/ahora-jorge-macri-estampo-nombre-vehiculos-publicos-estallo-la-polemica\/","title":{"rendered":"Ahora Jorge Macri estamp\u00f3 su nombre en veh\u00edculos p\u00fablicos y estall\u00f3 la pol\u00e9mica"},"content":{"rendered":"<p>El intendente de Vicente L\u00f3pez tambi\u00e9n se sum\u00f3 a la pr\u00e1ctica que realizan intendentes peronistas de utilizar recursos del Estado para realizar propaganda partidaria. Lo p\u00fablico se transforma en bot\u00edn para el r\u00e9dito pol\u00edtico y genera el rechazo de distintos sectores de la sociedad.<\/p>\n<p>Luego de conocerse que la intendenta de La Matanza, Ver\u00f3nica Magario, ploeteara su nombre en patrulleros adquiridos por el Municipio, y que hiciera lo mismo su par de Jos\u00e9 C. Paz, Mario Ishhi, pero con ambulancias del SAME, se abri\u00f3 el debate y el rechazo a ese tipo de pr\u00e1cticas.<\/p>\n<p>Pocas horas despu\u00e9s, comenz\u00f3 a girar a trav\u00e9s de redes sociales una imagen que da cuenta que en la Municipalidad de Vicente L\u00f3pez, las camionetas del \u00e1rea de Zoonosis que se utilizan c\u00f3mo Quir\u00f3fano M\u00f3vil para mascotas, tienen el nombre de su jefe comunal: Jorge Macri.<\/p>\n<p>El hombre del PRO qued\u00f3 expuesto ante esta situaci\u00f3n ya que se trata de veh\u00edculos municipales que cumplen un servicio para la comunidad, en este caso la esterilizaci\u00f3n de perros y gatos, pero de manera sugerente tienen estampado el nombre de quien conduce la comuna.<\/p>\n<p>A pocos meses de las elecciones legislativas y en un panorama no muy alentador para Cambiemos en todo el pa\u00eds, este tipo de pr\u00e1cticas -al margen de generar varias lecturas de cara a los comicios-, produce el rechazo de diversos sectores de la comunidad, sobre todo de quienes utilizan la asistencia brindada por la Municipalidad.<\/p>\n<p>A esto se le suma una contradicci\u00f3n clave que se produce hacia el interior del espacio que forma parte Jorge Macri. Se trata de una de las banderas que levantaban para hacer frente al kirchnerismo y tiene que ver con la utilizaci\u00f3n de los recursos del Estado.<\/p>\n<p>Gran parte de la campa\u00f1a electoral del macrismo en el 2015 se bas\u00f3 en poner en cuesti\u00f3n c\u00f3mo la administraci\u00f3n de Cristina Fern\u00e1ndez de Kirchner daba uso a los elementos p\u00fablicos para generar beneficios propios.<\/p>\n<p>De este modo, con el ploteo en las camionetas municipales, el intendente de Vicente L\u00f3pez se encarg\u00f3 de echar por tierra esos \u201cprincipios\u201d de Cambiemos y de hacer lo que en su momento criticaba.<\/p>\n<p>La decisi\u00f3n de Jorge Macri de salir a jugar de este modo se da cuando sus aspiraciones de ser candidato dejaron de estar en el primer plano del debate general, y la figura de \u2018Lilita\u2019 Carri\u00f3 &#8211; que lo tiene como uno de los primeros en su lista de enemigos- de a poco lo opac\u00f3 con el tiempo.<\/p>\n<h6>Fuente: InfoCielo<\/h6>\n","protected":false},"excerpt":{"rendered":"<p>El intendente de Vicente L\u00f3pez tambi\u00e9n se sum\u00f3 a la pr\u00e1ctica que realizan intendentes peronistas de utilizar recursos del Estado para realizar propaganda partidaria.<\/p>\n","protected":false},"author":2,"featured_media":61821,"comment_status":"closed","ping_status":"closed","sticky":false,"template":"","format":"standard","meta":{"footnotes":""},"categories":[4],"tags":[12],"class_list":["post-61820","post","type-post","status-publish","format-standard","has-post-thumbnail","hentry","category-informe-politico","tag-buenos-aires"],"_links":{"self":[{"href":"http:\/\/argentinamunicipal.com.ar\/argentina\/wp-json\/wp\/v2\/posts\/61820","targetHints":{"allow":["GET"]}}],"collection":[{"href":"http:\/\/argentinamunicipal.com.ar\/argentina\/wp-json\/wp\/v2\/posts"}],"about":[{"href":"http:\/\/argentinamunicipal.com.ar\/argentina\/wp-json\/wp\/v2\/types\/post"}],"author":[{"embeddable":true,"href":"http:\/\/argentinamunicipal.com.ar\/argentina\/wp-json\/wp\/v2\/users\/2"}],"replies":[{"embeddable":true,"href":"http:\/\/argentinamunicipal.com.ar\/argentina\/wp-json\/wp\/v2\/comments?post=61820"}],"version-history":[{"count":0,"href":"http:\/\/argentinamunicipal.com.ar\/argentina\/wp-json\/wp\/v2\/posts\/61820\/revisions"}],"wp:featuredmedia":[{"embeddable":true,"href":"http:\/\/argentinamunicipal.com.ar\/argentina\/wp-json\/wp\/v2\/media\/61821"}],"wp:attachment":[{"href":"http:\/\/argentinamunicipal.com.ar\/argentina\/wp-json\/wp\/v2\/media?parent=61820"}],"wp:term":[{"taxonomy":"category","embeddable":true,"href":"http:\/\/argentinamunicipal.com.ar\/argentina\/wp-json\/wp\/v2\/categories?post=61820"},{"taxonomy":"post_tag","embeddable":true,"href":"http:\/\/argentinamunicipal.com.ar\/argentina\/wp-json\/wp\/v2\/tags?post=61820"}],"curies":[{"name":"wp","href":"https:\/\/api.w.org\/{rel}","templated":true}]}}