{"id":61835,"date":"2017-04-19T07:54:08","date_gmt":"2017-04-19T10:54:08","guid":{"rendered":"http:\/\/argentinamunicipal.com.ar\/argentina\/?p=61835"},"modified":"2017-04-19T07:54:08","modified_gmt":"2017-04-19T10:54:08","slug":"la-intendenta-rosario-reclama-las-ciudades-tengan-voz-debate-una-reforma-tributaria","status":"publish","type":"post","link":"http:\/\/argentinamunicipal.com.ar\/argentina\/la-intendenta-rosario-reclama-las-ciudades-tengan-voz-debate-una-reforma-tributaria\/","title":{"rendered":"La Intendenta de Rosario\u00a0reclama que las ciudades tengan voz en el debate por una reforma tributaria"},"content":{"rendered":"<p>La intendenta particip\u00f3 de una nueva Reuni\u00f3n de Gobernadores de la Regi\u00f3n Centro, celebrada este martes en Santa Fe. \u00abNos parece fundamental que las ciudades tengamos voz en las discusiones\u00bb, dijo.<\/p>\n<p>La intendenta M\u00f3nica Fein reclam\u00f3 mayor participaci\u00f3n de los municipios en la discusi\u00f3n por una futura reforma tributaria. Lo hizo en el marco de una nueva Reuni\u00f3n de Gobernadores de la Regi\u00f3n Centro, celebrada este martes en Santa Fe: \u00abNos parece fundamental que las ciudades tengamos voz en las discusiones, sobre todo en un momento que a nivel nacional est\u00e1 en debate una posible reforma tributaria, que va a afectar a las provincias y a las ciudades\u00bb, sostuvo.<\/p>\n<p>La jefa del Palacio de los Leones realiz\u00f3 estas declaraciones a prop\u00f3sito de las intenciones del gobierno de Mauricio Macri de propiciar el debate para cambiar integralmente la legislaci\u00f3n tributaria del pa\u00eds, hecho que afecta las econom\u00edas nacionales, provinciales y municipales.<\/p>\n<p>\u00abLas ciudades tendremos una voz que expresar en lo que significa recursos, ya que las competencias son cada vez m\u00e1s locales y los recursos cada vez m\u00e1s nacionales y regionales\u00bb, dijo Fein, quien se\u00f1al\u00f3 este tema como unos de los ejes del futuro debate.<\/p>\n<p>La intendenta rosarina particip\u00f3 en horas de la ma\u00f1ana de la XII Reuni\u00f3n Institucional de los Gobernadores de la Regi\u00f3n Centro, celebrada en el centro de convenciones Los Maderos de la ciudad de Santa Fe. Durante la misma se realiz\u00f3 la ceremonia de traspaso de la Presidencia Pro T\u00e9mpore a la provincia de C\u00f3rdoba.<\/p>\n<p>\u00abQuiero rescatar esta coordinaci\u00f3n de tres provincias, tres gobiernos, que tienen tanto para hablar en lo que refiere a diferentes aspectos productivo, social y econ\u00f3mico\u00bb, afirm\u00f3. \u00abAqu\u00ed hay tres gobernadores con la clara decisi\u00f3n pol\u00edtica de definir acciones en el marco de una agenda com\u00fan\u00bb, agreg\u00f3 Fein.<\/p>\n<p>La intendenta de Rosario defendi\u00f3 tambi\u00e9n la necesidad de contar con mayor recursos para hacer frente a un ambicioso plan de obras de infraestructura, que incluyen 1.000 cuadras de pavimento definitivo, el recambio de luminarias LED y obras hidr\u00e1ulicas. Asimismo, record\u00f3 que durante su gesti\u00f3n se completar\u00e1 el 100 por ciento del tendido cloacal en Rosario, junto a Aguas Santafesinas y el gobierno nacional.<\/p>\n<p>Consultada sobre si estas obras colaboran en la lucha contra la inseguridad, la intendenta rosarina plante\u00f3 que \u00abmejorar las condiciones de un barrio es central\u00bb. Destac\u00f3 en este sentido el trabajo a trav\u00e9s del programa Nueva Oportunidad, con el que se toman m\u00e1s de 2.700 j\u00f3venes en situaci\u00f3n de alta vunerabilidad, acompa\u00f1\u00e1ndolos en la capacitaci\u00f3n e inserci\u00f3n laboral.<\/p>\n<p>\u00abLa ciudad tiene mucho que hacer para bajar las condiciones que generan la violencia. Y por supuesto articular con la Provincia y con el Ministerio P\u00fablico de la Acusaci\u00f3n en la lucha contra el delito\u00bb, finaliz\u00f3 Fein.<\/p>\n<p>Tras la lectura de las conclusiones de la jornada de trabajo, Fein celebr\u00f3 que \u00ablos gobernadores de la regi\u00f3n centro alcen la voz en defensa de sus recursos, de m\u00e1s infraestructura, de la producci\u00f3n, de las econom\u00edas regionales, del empleo y el federalismo\u00bb.<\/p>\n<h6>\nFuente: Sin Mordaza<\/h6>\n","protected":false},"excerpt":{"rendered":"<p>La intendenta particip\u00f3 de una nueva Reuni\u00f3n de Gobernadores de la Regi\u00f3n Centro, celebrada este martes en Santa Fe. \u00abNos parece fundamental que las ciudades tengamos voz en las discusiones\u00bb, dijo.<\/p>\n","protected":false},"author":2,"featured_media":61836,"comment_status":"closed","ping_status":"closed","sticky":false,"template":"","format":"standard","meta":{"footnotes":""},"categories":[4],"tags":[10],"class_list":["post-61835","post","type-post","status-publish","format-standard","has-post-thumbnail","hentry","category-informe-politico","tag-santa-fe"],"_links":{"self":[{"href":"http:\/\/argentinamunicipal.com.ar\/argentina\/wp-json\/wp\/v2\/posts\/61835","targetHints":{"allow":["GET"]}}],"collection":[{"href":"http:\/\/argentinamunicipal.com.ar\/argentina\/wp-json\/wp\/v2\/posts"}],"about":[{"href":"http:\/\/argentinamunicipal.com.ar\/argentina\/wp-json\/wp\/v2\/types\/post"}],"author":[{"embeddable":true,"href":"http:\/\/argentinamunicipal.com.ar\/argentina\/wp-json\/wp\/v2\/users\/2"}],"replies":[{"embeddable":true,"href":"http:\/\/argentinamunicipal.com.ar\/argentina\/wp-json\/wp\/v2\/comments?post=61835"}],"version-history":[{"count":0,"href":"http:\/\/argentinamunicipal.com.ar\/argentina\/wp-json\/wp\/v2\/posts\/61835\/revisions"}],"wp:featuredmedia":[{"embeddable":true,"href":"http:\/\/argentinamunicipal.com.ar\/argentina\/wp-json\/wp\/v2\/media\/61836"}],"wp:attachment":[{"href":"http:\/\/argentinamunicipal.com.ar\/argentina\/wp-json\/wp\/v2\/media?parent=61835"}],"wp:term":[{"taxonomy":"category","embeddable":true,"href":"http:\/\/argentinamunicipal.com.ar\/argentina\/wp-json\/wp\/v2\/categories?post=61835"},{"taxonomy":"post_tag","embeddable":true,"href":"http:\/\/argentinamunicipal.com.ar\/argentina\/wp-json\/wp\/v2\/tags?post=61835"}],"curies":[{"name":"wp","href":"https:\/\/api.w.org\/{rel}","templated":true}]}}