{"id":6184,"date":"2014-04-21T08:45:51","date_gmt":"2014-04-21T11:45:51","guid":{"rendered":"http:\/\/argentinamunicipal.com.ar\/argentina\/?p=6184"},"modified":"2014-04-21T08:45:51","modified_gmt":"2014-04-21T11:45:51","slug":"santa-cruz-fetram-anuncio-que-el-miercoles-se-reune-con-el-gobierno-provincial","status":"publish","type":"post","link":"http:\/\/argentinamunicipal.com.ar\/argentina\/santa-cruz-fetram-anuncio-que-el-miercoles-se-reune-con-el-gobierno-provincial\/","title":{"rendered":"Santa Cruz: FETRAM anunci\u00f3 que el mi\u00e9rcoles se re\u00fane con el Gobierno provincial"},"content":{"rendered":"<div id=\"attachment_6185\" style=\"width: 370px\" class=\"wp-caption alignleft\"><a href=\"http:\/\/argentinamunicipal.com.ar\/argentina\/wp-content\/uploads\/2014\/04\/IMG39184.jpg\"><img loading=\"lazy\" decoding=\"async\" aria-describedby=\"caption-attachment-6185\" class=\"size-full wp-image-6185\" src=\"http:\/\/argentinamunicipal.com.ar\/argentina\/wp-content\/uploads\/2014\/04\/IMG39184.jpg\" alt=\"El \u00faltimo encuentro entre la Intendencia y el gremio.\" width=\"360\" height=\"241\" srcset=\"http:\/\/argentinamunicipal.com.ar\/argentina\/wp-content\/uploads\/2014\/04\/IMG39184.jpg 360w, http:\/\/argentinamunicipal.com.ar\/argentina\/wp-content\/uploads\/2014\/04\/IMG39184-300x200.jpg 300w\" sizes=\"auto, (max-width: 360px) 100vw, 360px\" \/><\/a><p id=\"caption-attachment-6185\" class=\"wp-caption-text\">El \u00faltimo encuentro entre la Intendencia y el gremio.<\/p><\/div>\n<p>Juli\u00e1n Carrizo, secretario general de la FETRAM y del SOEMCO, se\u00f1al\u00f3 que el pr\u00f3ximo mi\u00e9rcoles se mantendr\u00e1 un encuentro con el Gobierno provincial para debatir las subas salariales de los empleados municipales de distintas localidades. Adem\u00e1s, precis\u00f3 que hoy continuar\u00e1n debatiendo las mejoras salariales con el intendente de Caleta Olivia, Jos\u00e9 C\u00f3rdoba. De no acordar, iniciar\u00e1n un paro por 72 horas.<\/p>\n<p>La Federaci\u00f3n de Trabajadores Municipales (FETRAM) de Santa Cruz anunci\u00f3 que fue citada a mantener un encuentro con el Gobierno provincial, el pr\u00f3ximo mi\u00e9rcoles, para debatir las subas salariales de los empleados municipales de distintas localidades.<\/p>\n<p>Juli\u00e1n Carrizo, secretario general de la FETRAM y del Sindicato de Obreros y Empleados Municipales de Caleta Olivia, se\u00f1al\u00f3 a La Opini\u00f3n Austral que tienen la confirmaci\u00f3n del encuentro con el Gobierno provincial.<br \/>\nAdem\u00e1s se\u00f1al\u00f3 que en la jornada de hoy continuar\u00e1n dialogando con el intendente de aquella localidad, Jos\u00e9 C\u00f3rdoba, para consensuar los incrementos salariales.<\/p>\n<h3>Gobierno<\/h3>\n<p>Acerca del encuentro con el Gobierno provincial, Carrizo explic\u00f3 que la Federaci\u00f3n plante\u00f3 la \u201cnecesidad de que Santa Cruz llegue a un acuerdo con el Gobierno nacional para lo que ser\u00e1 la asistencia a los municipios afines a Naci\u00f3n\u201d, indicando que \u201cestos datos son extraoficiales porque oficialmente no se han confirmado\u201d.<\/p>\n<p>M\u00e1s adelante, expres\u00f3 que la falta de acuerdo entre Provincia y Naci\u00f3n para asistir a algunos municipios \u201cno ha provocado retraso, las negociaciones siguen, pero buscamos el beneficio para la gente y despu\u00e9s se podr\u00e1 discutir la retroactividad\u201d.<\/p>\n<p>En cuanto al debate con el Municipio de Caleta Olivia, resalt\u00f3 que en la jornada de hoy volver\u00e1n a reunirse y en caso de no llegar a un acuerdo, ir\u00e1n al paro a partir de ma\u00f1ana martes.<\/p>\n<p>D\u00edas atr\u00e1s, los municipales marcharon por las calles c\u00e9ntricas y se dirigieron a la Municipalidad, donde dieron lectura a un documento p\u00fablico. Sali\u00f3 a recibirlos el intendente Jos\u00e9 C\u00f3rdoba, quien reiter\u00f3 la propuesta del 30%.<\/p>\n<p>Los trabajadores municipales, acompa\u00f1ados de los concejales Juan Acu\u00f1a Kunz, Juan Jos\u00e9 Naves y Manuel Aybar, se movilizaron con pancartas y carteles de los distintos sectores y cuando llegaron frente a las instalaciones de la Municipalidad, leyeron un documento. Momentos despu\u00e9s sali\u00f3 al calle C\u00f3rdoba, reiterando la propuesta para el sector y luego una comisi\u00f3n de trabajadores ingres\u00f3 a una reuni\u00f3n de la que tambi\u00e9n participaron otros funcionarios comunales.<\/p>\n<p>Los municipales dieron lectura a documento p\u00fablico, en el que hicieron especial hincapi\u00e9 en lo que \u201ccuesta a la familia poder llegar a fin de mes y tener una vida digna\u201d.<\/p>\n<p>\u201cNecesitamos una respuesta inmediata\u201d, recalcaron al hacer menci\u00f3n \u201cal incremento del costo de vida, no es un capricho, es la realidad que afecta a nuestra familias con la inflaci\u00f3n y la devaluaci\u00f3n\u201d y consideraron que C\u00f3rdoba \u201cdeber\u00eda trabajar con todos los trabajadores, cumpliendo con sus deberes y compromisos\u201d.<\/p>\n<h6>Fuente: La Opini\u00f3n Austral<\/h6>\n","protected":false},"excerpt":{"rendered":"<p>Juli\u00e1n Carrizo, secretario general de la FETRAM y del SOEMCO, se\u00f1al\u00f3 que el pr\u00f3ximo mi\u00e9rcoles se mantendr\u00e1 un encuentro con el Gobierno provincial para debatir las subas salariales de los empleados municipales de distintas localidades. Adem\u00e1s, precis\u00f3 que hoy continuar\u00e1n debatiendo las mejoras salariales con el intendente de Caleta Olivia, Jos\u00e9 C\u00f3rdoba. De no acordar,<\/p>\n","protected":false},"author":1,"featured_media":6185,"comment_status":"closed","ping_status":"closed","sticky":false,"template":"","format":"standard","meta":{"footnotes":""},"categories":[7],"tags":[29],"class_list":["post-6184","post","type-post","status-publish","format-standard","has-post-thumbnail","hentry","category-informe-sindical","tag-santa-cruz"],"_links":{"self":[{"href":"http:\/\/argentinamunicipal.com.ar\/argentina\/wp-json\/wp\/v2\/posts\/6184","targetHints":{"allow":["GET"]}}],"collection":[{"href":"http:\/\/argentinamunicipal.com.ar\/argentina\/wp-json\/wp\/v2\/posts"}],"about":[{"href":"http:\/\/argentinamunicipal.com.ar\/argentina\/wp-json\/wp\/v2\/types\/post"}],"author":[{"embeddable":true,"href":"http:\/\/argentinamunicipal.com.ar\/argentina\/wp-json\/wp\/v2\/users\/1"}],"replies":[{"embeddable":true,"href":"http:\/\/argentinamunicipal.com.ar\/argentina\/wp-json\/wp\/v2\/comments?post=6184"}],"version-history":[{"count":0,"href":"http:\/\/argentinamunicipal.com.ar\/argentina\/wp-json\/wp\/v2\/posts\/6184\/revisions"}],"wp:featuredmedia":[{"embeddable":true,"href":"http:\/\/argentinamunicipal.com.ar\/argentina\/wp-json\/wp\/v2\/media\/6185"}],"wp:attachment":[{"href":"http:\/\/argentinamunicipal.com.ar\/argentina\/wp-json\/wp\/v2\/media?parent=6184"}],"wp:term":[{"taxonomy":"category","embeddable":true,"href":"http:\/\/argentinamunicipal.com.ar\/argentina\/wp-json\/wp\/v2\/categories?post=6184"},{"taxonomy":"post_tag","embeddable":true,"href":"http:\/\/argentinamunicipal.com.ar\/argentina\/wp-json\/wp\/v2\/tags?post=6184"}],"curies":[{"name":"wp","href":"https:\/\/api.w.org\/{rel}","templated":true}]}}