{"id":61847,"date":"2017-04-19T08:07:51","date_gmt":"2017-04-19T11:07:51","guid":{"rendered":"http:\/\/argentinamunicipal.com.ar\/argentina\/?p=61847"},"modified":"2017-04-19T08:07:51","modified_gmt":"2017-04-19T11:07:51","slug":"la-ciudad-santa-fe-integra-una-red-internacional-politicas-culturales","status":"publish","type":"post","link":"http:\/\/argentinamunicipal.com.ar\/argentina\/la-ciudad-santa-fe-integra-una-red-internacional-politicas-culturales\/","title":{"rendered":"La Ciudad de Santa Fe integra una red internacional de pol\u00edticas culturales"},"content":{"rendered":"<p>El intendente Jos\u00e9 Corral suscribi\u00f3 hoy en Madrid, el convenio a partir del cual se constituye a Santa Fe como Ciudad Piloto de Cultura 21 Acciones, de la red Ciudades y Gobiernos Locales Unidos (CGLU).<\/p>\n<p>Fue en el marco de la reuni\u00f3n del Bureau Ejecutivo de esa organizaci\u00f3n, que se desarrolla en la sede de la Federaci\u00f3n Espa\u00f1ola de Municipios y Provincias de la capital ib\u00e9rica. La participaci\u00f3n de Santa Fe se basar\u00e1 en un estrecho trabajo colaborativo con las otras 28 ciudades participantes y la Comisi\u00f3n de Cultura de CGLU. \u00abSe trata de una iniciativa sumamente valiosa para nuestra ciudad; porque la cultura va de la mano de la educaci\u00f3n, que son las claves para el futuro de nuestras comunidades\u00bb, destac\u00f3 el mandatario local.<\/p>\n<p>El intendente Jos\u00e9 Corral y el secretario General de Ciudades y Gobiernos Locales Unidos (CGLU), Josep Roig y Marti, firmaron este martes el convenio de colaboraci\u00f3n para poner en marcha en Santa Fe la Agenda 21 de la Cultura que integran otras 28 ciudades del mundo y que asumen la perspectiva de la sostenibilidad como eje vertebrador de sus pol\u00edticas. La r\u00fabrica se concret\u00f3 en el marco de la reuni\u00f3n del Bureau Ejecutivo de la red, que se desarrolla en la sede de la Federaci\u00f3n Espa\u00f1ola de Municipios y Provincias, en Madrid.<br \/>\n\u00abSe trata de una iniciativa sumamente valiosa para nuestra ciudad; porque la cultura va de la mano de la educaci\u00f3n, que son las claves para el futuro de nuestras comunidades\u00bb, dijo el Intendente tras la r\u00fabrica del convenio, que tuvo lugar en el marco de su participaci\u00f3n en el encuentro de la red.<br \/>\n\u00abEstamos convencidos que acciones de este tipo son la clave para el desarrollo incluyendo a todos os comprometemos a seguir trabajando juntos y a continuar bregando por ubicar a la cultura en el lugar que tiene que estar de nuestras prioridades, porque es una de las maneras de mejorar la ciudad\u00bb, destac\u00f3.<br \/>\nCabe se\u00f1alar que CGLU es la asociaci\u00f3n mundial de ciudades con el mayor n\u00famero de miembros y con un fuerte v\u00ednculo con los organismos de Naciones Unidas. Desarrolla desde 2004 un programa cultural importante, basado en la Agenda 21 de la Cultura y la declaraci\u00f3n de \u00abLa cultura es el cuarto pilar del desarrollo sostenible\u00bb (aprobada en M\u00e9xico en 2010). Su tarea en este \u00e1mbito est\u00e1n dirigidos por una junta directiva formada por Buenos Aires, Ciudad de M\u00e9xico, Angers, Barcelona, Belo Horizonte, Bilbao, Bogot\u00e1, Jeju, Par\u00eds y Porto Alegre; a su vez, est\u00e1n coordinados desde el Secretariado Mundial de CGLU, con sede en Barcelona.<br \/>\nLa primera Cumbre de Cultura de CGLU, celebrada en Bilbao en marzo de 2015 bajo el t\u00edtulo \u00abCultura y ciudades sostenibles\u00bb, adopt\u00f3 el documento \u00abCultura 21 Acciones\u00bb, el cual brinda orientaciones a las ciudades interesadas en evaluar, dise\u00f1ar e implementar pol\u00edticas culturales que contribuyan al desarrollo sostenible, de manera coherente con los Objetivos de Desarrollo Sostenible (ODS), aprobados por Naciones Unidas en septiembre de 2015, y con la Nueva Agenda Urbana, aprobada en la conferencia de Habitat3 en octubre de 2016.<\/p>\n<p><strong>Ciudad piloto<\/strong><br \/>\nSobre la base de la agenda consensuada, la Comisi\u00f3n de Cultura de CGLU lanz\u00f3 el programa \u00abLa cultura en las ciudades sostenibles: Aprendiendo con Cultura 21 Acciones (Ciudades Piloto 2016-2019)\u00bb, que tiene como objetivos fundamentales promover una mayor comprensi\u00f3n local e internacional de la relaci\u00f3n entre la cultura y el desarrollo sostenible local en las ciudades participantes, as\u00ed como otras cuestiones significativas para las agendas globales y locales.<br \/>\nPara ello, se propone facilitar el dise\u00f1o, la implementaci\u00f3n y la evaluaci\u00f3n de medidas piloto innovadoras mediante la colaboraci\u00f3n entre agentes p\u00fablicos, privados y de la sociedad civil.<br \/>\nEl programa fue impulsado en 2004 y est\u00e1 actualmente integrado por 29 \u00abCiudades Piloto\u00bb, las cuales participan en un proceso de aprendizaje, de construcci\u00f3n de capacidades y de fortalecimiento de su conectividad a partir de los principios y acciones incluidas en Cultura 21 Acciones.<br \/>\nLa participaci\u00f3n de Santa Fe en el programa se har\u00e1 efectiva a partir de la firma del convenio y se extender\u00e1 entre 26 y 28 meses.<\/p>\n<h6>Fuente: Sin Mordaza<\/h6>\n","protected":false},"excerpt":{"rendered":"<p>El intendente Jos\u00e9 Corral suscribi\u00f3 hoy en Madrid, el convenio a partir del cual se constituye a Santa Fe como Ciudad Piloto de Cultura 21 Acciones, de la red Ciudades y Gobiernos Locales Unidos (CGLU). <\/p>\n","protected":false},"author":2,"featured_media":61848,"comment_status":"closed","ping_status":"closed","sticky":false,"template":"","format":"standard","meta":{"footnotes":""},"categories":[2],"tags":[10],"class_list":["post-61847","post","type-post","status-publish","format-standard","has-post-thumbnail","hentry","category-informe-municipal","tag-santa-fe"],"_links":{"self":[{"href":"http:\/\/argentinamunicipal.com.ar\/argentina\/wp-json\/wp\/v2\/posts\/61847","targetHints":{"allow":["GET"]}}],"collection":[{"href":"http:\/\/argentinamunicipal.com.ar\/argentina\/wp-json\/wp\/v2\/posts"}],"about":[{"href":"http:\/\/argentinamunicipal.com.ar\/argentina\/wp-json\/wp\/v2\/types\/post"}],"author":[{"embeddable":true,"href":"http:\/\/argentinamunicipal.com.ar\/argentina\/wp-json\/wp\/v2\/users\/2"}],"replies":[{"embeddable":true,"href":"http:\/\/argentinamunicipal.com.ar\/argentina\/wp-json\/wp\/v2\/comments?post=61847"}],"version-history":[{"count":0,"href":"http:\/\/argentinamunicipal.com.ar\/argentina\/wp-json\/wp\/v2\/posts\/61847\/revisions"}],"wp:featuredmedia":[{"embeddable":true,"href":"http:\/\/argentinamunicipal.com.ar\/argentina\/wp-json\/wp\/v2\/media\/61848"}],"wp:attachment":[{"href":"http:\/\/argentinamunicipal.com.ar\/argentina\/wp-json\/wp\/v2\/media?parent=61847"}],"wp:term":[{"taxonomy":"category","embeddable":true,"href":"http:\/\/argentinamunicipal.com.ar\/argentina\/wp-json\/wp\/v2\/categories?post=61847"},{"taxonomy":"post_tag","embeddable":true,"href":"http:\/\/argentinamunicipal.com.ar\/argentina\/wp-json\/wp\/v2\/tags?post=61847"}],"curies":[{"name":"wp","href":"https:\/\/api.w.org\/{rel}","templated":true}]}}