{"id":61850,"date":"2017-04-19T08:10:30","date_gmt":"2017-04-19T11:10:30","guid":{"rendered":"http:\/\/argentinamunicipal.com.ar\/argentina\/?p=61850"},"modified":"2017-04-19T08:10:30","modified_gmt":"2017-04-19T11:10:30","slug":"se-reabrio-la-oficina-empleo-la-ciudad-fray-luis-beltran","status":"publish","type":"post","link":"http:\/\/argentinamunicipal.com.ar\/argentina\/se-reabrio-la-oficina-empleo-la-ciudad-fray-luis-beltran\/","title":{"rendered":"Se reabri\u00f3 la Oficina de Empleo en la ciudad de Fray Luis Beltr\u00e1n"},"content":{"rendered":"<p>La intendenta Canut anunci\u00f3 adem\u00e1s la creaci\u00f3n de una Oficina Municipal de Oficios. Presencia de funcionarios nacionales<\/p>\n<p>La intendente de Fray Luis Beltr\u00e1n, Liliana Canut; el titular nacional de la Gerencia de Empleo y Capacitaci\u00f3n Laboral de Rosario, Andr\u00e9s Danel\u00f3n, y el diputado provincial Germ\u00e1n Mastrocola encabezaron el relanzamiento de la Oficina de Empleo de esta ciudad en un acto llevado a cabo en el sal\u00f3n de usos m\u00faltiples de la Mutual de Empleados de Industrias Qu\u00edmicas.<\/p>\n<p>All\u00ed se dieron a conocer detalles de los programas que llegar\u00e1n al municipio para la b\u00fasqueda, inserci\u00f3n, formaci\u00f3n de la comunidad laboral. Y adem\u00e1s \u2014con el aval del Ministerio de Trabajo de la Naci\u00f3n\u2014 se anunci\u00f3 la conformaci\u00f3n de una Escuela Municipal de Capacitaci\u00f3n y Oficios que pr\u00f3ximamente funcionar\u00e1 en los talleres del ex Batall\u00f3n de Arsenales.<\/p>\n<p>\u00abLa doctora Natalia Prokopiec ser\u00e1 el nexo entre la Oficina de Empleo y el Ministerio de Trabajo de la Naci\u00f3n\u00bb, anunci\u00f3 Canut. \u00abNuestra ciudad tiene una particularidad importante, sobre todo despu\u00e9s del cierre de AR Zinc, ya que han quedado muchos ciudadanos beltranenses sin trabajo. Y adem\u00e1s queremos apuntar a la formaci\u00f3n de emprendimientos y a la capacitaci\u00f3n para la inserci\u00f3n laboral de los j\u00f3venes de nuestra ciudad. M\u00e1s all\u00e1 de los trabajadores en s\u00ed, a trav\u00e9s del primer empleo tambi\u00e9n tienen que beneficiarse comerciantes y empresarios\u00bb, se\u00f1al\u00f3 la funcionaria.<\/p>\n<p>A su turno, el diputado Mastrocola indic\u00f3 que \u00abdesde la Naci\u00f3n estamos trabajando incansablemente para recuperar la cultura del trabajo. La Oficina de Empleo tiene que convertirse en un espacio de v\u00ednculos y encuentro laboral, en donde el Estado diga presente y en donde tambi\u00e9n puedan acercarse comerciantes y empresarios para conocer la informaci\u00f3n sobre las herramientas que ofrece el Estado\u00bb.<\/p>\n<p>Danel\u00f3n dijo por su parte que \u00ablas Oficinas de Empleo tienen la premisa de convertirse en un ap\u00e9ndice del Ministerio de Trabajo de la Naci\u00f3n. En este a\u00f1o, entre aperturas y reaperturas, hemos avanzado en un 30 por ciento. Eso hace que las pol\u00edticas de Estado en relaci\u00f3n a empleo, lleguen a m\u00e1s personas. Tenemos 17 programas y nuestro desaf\u00edo es vincular lo p\u00fablico con lo privado. El Estado debe generar el \u00e1mbito, ya que m\u00e1s de un mill\u00f3n de j\u00f3venes de entre 18 y 24 a\u00f1os no tiene experiencia en un primer trabajo. Y en los talleres del ex Batall\u00f3n crearemos una Escuela de Oficios para los beltranenses y para toda la regi\u00f3n\u00bb.<\/p>\n<p>En tanto, el municipio encabez\u00f3 gestiones para que el ex Batall\u00f3n de Arsenales abra sus puertas a la comunidad civil de Beltr\u00e1n y sus talleres puedan utilizarse para el aprendizaje de oficios. \u00abHemos conseguido que la Base de Apoyo Log\u00edstico nos abra sus puertas, recorramos los talleres acompa\u00f1ados por el coronel Fernando Allende y podamos definir la llegada de capacitaciones para oficios como carpinter\u00eda, mec\u00e1nica del automotor, electricidad y talabarter\u00eda, entre otros. La Naci\u00f3n se har\u00e1 cargo de cubrir los costos de los capacitadores y de entregar una ayuda econ\u00f3mica a los beneficiarios de los cursos. De esta manera estar\u00edamos creando la Escuela Municipal de Oficios. Un proyecto que est\u00e1 acompa\u00f1ado por el gobierno nacional\u00bb, cerr\u00f3 Canut.<\/p>\n<h6>Fuente: La Capital Rosario<\/h6>\n","protected":false},"excerpt":{"rendered":"<p>La intendenta Canut anunci\u00f3 adem\u00e1s la creaci\u00f3n de una Oficina Municipal de Oficios. Presencia de funcionarios nacionales<\/p>\n","protected":false},"author":2,"featured_media":61851,"comment_status":"closed","ping_status":"closed","sticky":false,"template":"","format":"standard","meta":{"footnotes":""},"categories":[2],"tags":[10],"class_list":["post-61850","post","type-post","status-publish","format-standard","has-post-thumbnail","hentry","category-informe-municipal","tag-santa-fe"],"_links":{"self":[{"href":"http:\/\/argentinamunicipal.com.ar\/argentina\/wp-json\/wp\/v2\/posts\/61850","targetHints":{"allow":["GET"]}}],"collection":[{"href":"http:\/\/argentinamunicipal.com.ar\/argentina\/wp-json\/wp\/v2\/posts"}],"about":[{"href":"http:\/\/argentinamunicipal.com.ar\/argentina\/wp-json\/wp\/v2\/types\/post"}],"author":[{"embeddable":true,"href":"http:\/\/argentinamunicipal.com.ar\/argentina\/wp-json\/wp\/v2\/users\/2"}],"replies":[{"embeddable":true,"href":"http:\/\/argentinamunicipal.com.ar\/argentina\/wp-json\/wp\/v2\/comments?post=61850"}],"version-history":[{"count":0,"href":"http:\/\/argentinamunicipal.com.ar\/argentina\/wp-json\/wp\/v2\/posts\/61850\/revisions"}],"wp:featuredmedia":[{"embeddable":true,"href":"http:\/\/argentinamunicipal.com.ar\/argentina\/wp-json\/wp\/v2\/media\/61851"}],"wp:attachment":[{"href":"http:\/\/argentinamunicipal.com.ar\/argentina\/wp-json\/wp\/v2\/media?parent=61850"}],"wp:term":[{"taxonomy":"category","embeddable":true,"href":"http:\/\/argentinamunicipal.com.ar\/argentina\/wp-json\/wp\/v2\/categories?post=61850"},{"taxonomy":"post_tag","embeddable":true,"href":"http:\/\/argentinamunicipal.com.ar\/argentina\/wp-json\/wp\/v2\/tags?post=61850"}],"curies":[{"name":"wp","href":"https:\/\/api.w.org\/{rel}","templated":true}]}}